{"id":2449,"date":"2026-07-07T13:13:59","date_gmt":"2026-07-07T11:13:59","guid":{"rendered":"https:\/\/www.tva.fi\/?p=2449"},"modified":"2026-07-07T14:20:27","modified_gmt":"2026-07-07T12:20:27","slug":"sjukfranvaro-sa-bygger-du-ett-uppfoljningssystem-som-fungerar","status":"publish","type":"post","link":"https:\/\/tva.fi\/sv\/how-to-design-an-absence-monitoring-system-that-actually-tells-you-something\/","title":{"rendered":"Sjukfr\u00e5nvaro \u2013 s\u00e5 bygger du ett uppf\u00f6ljningssystem som fungerar"},"content":{"rendered":"<\/p>\n\n\n\n<p class=\"wp-block-paragraph\"><a href=\"https:\/\/www.tva.fi\/sv\/sjukfranvaro-som-matt-pa-arbetstillfredsstallelse\/\">Del 1 av 3 \u2013 Sjukfr\u00e5nvaro som m\u00e5tt p\u00e5 arbetstillfredsst\u00e4llelse<\/a><br><a href=\"https:\/\/www.tva.fi\/sv\/hur-foretagshalsovarden-foljer-upp-sjukfranvaro-i-finland\/\">Del 2 av 3 \u2013 Hur f\u00f6retagsh\u00e4lsov\u00e5rden f\u00f6ljer upp sjukfr\u00e5nvaro i Finland<\/a><br>Del 3 av 3 \u2013 Sjukfr\u00e5nvaro \u2013 s\u00e5 bygger du ett uppf\u00f6ljningssystem som fungerar (denna artikel)<\/p>\n\n\n\n<p class=\"wp-block-paragraph\">I den f\u00f6rsta delen av den h\u00e4r artikelserien tittade vi p\u00e5 vad sjukfr\u00e5nvarom\u00f6nster kan avsl\u00f6ja om arbetstillfredsst\u00e4llelse och arbetsplatsens h\u00e4lsa. I den andra delen unders\u00f6kte vi hur f\u00f6retagsh\u00e4lsov\u00e5rden i Finland aktivt f\u00f6ljer dessa m\u00f6nster och ingriper tidigt n\u00e4r n\u00e5got kr\u00e4ver uppm\u00e4rksamhet. I den h\u00e4r avslutande delen blir vi mer praktiska: Hur b\u00f6r en organisation utforma sitt eget system f\u00f6r uppf\u00f6ljning av sjukfr\u00e5nvaro f\u00f6r att p\u00e5 ett tillf\u00f6rlitligt s\u00e4tt f\u00e5nga verkliga signaler och undvika de fallgropar som g\u00f6r m\u00e5nga system antingen oanv\u00e4ndbara eller rent av kontraproduktiva?<\/p>\n\n\n\n<h1 class=\"wp-block-heading\">Den centrala utmaningen<\/h1>\n\n\n\n<p class=\"wp-block-paragraph\">En enskild sjukfr\u00e5nvaroh\u00e4ndelse inneh\u00e5ller i sig mycket lite anv\u00e4ndbar information. Systemet m\u00e5ste d\u00e4rf\u00f6r byggas kring aggregering, j\u00e4mf\u00f6relser och m\u00f6nsterigenk\u00e4nning snarare \u00e4n enskilda h\u00e4ndelser. M\u00e5let \u00e4r inte att minimera antalet sjukfr\u00e5nvarodagar \u2013 ett s\u00e5dant syns\u00e4tt leder l\u00e4tt till fel slutsatser. M\u00e5let \u00e4r i st\u00e4llet att identifiera var organisationen b\u00f6r titta n\u00e4rmare: vilka team, arbetsuppgifter eller arbetsf\u00f6rh\u00e5llanden som kan beh\u00f6va uppm\u00e4rksammas och vilken typ av \u00e5tg\u00e4rder som kan vara l\u00e4mpliga.<\/p>\n\n\n\n<p class=\"wp-block-paragraph\">Det finns ett antal principer som konsekvent skiljer system som ger anv\u00e4ndbara insikter fr\u00e5n system som mest genererar brus.<\/p>\n\n\n\n<h1 class=\"wp-block-heading\">Dela upp sjukfr\u00e5nvaron efter typ \u2013 inte bara efter totalt antal dagar<\/h1>\n\n\n\n<p class=\"wp-block-paragraph\">Korta, \u00e5terkommande sjukfr\u00e5nvaroperioder skiljer sig fr\u00e5n l\u00e5ngvarig sjukfr\u00e5nvaro och har vanligtvis andra orsaker. Frekventa korta fr\u00e5nvaroperioder \u00e4r oftare kopplade till l\u00e5ggradig stress, att medarbetare drar sig undan eller de tidiga varningssignaler som beskrevs i del tv\u00e5 av den h\u00e4r serien. L\u00e5ngvarig sjukfr\u00e5nvaro \u00e4r d\u00e4remot oftare relaterad till allvarlig sjukdom, skada eller utmattning och kr\u00e4ver st\u00f6d fr\u00e5n f\u00f6retagsh\u00e4lsov\u00e5rden samt en strukturerad plan f\u00f6r \u00e5terg\u00e5ng i arbete. Ett uppf\u00f6ljningssystem som sl\u00e5r samman dessa typer av fr\u00e5nvaro riskerar att d\u00f6lja viktiga signaler.<\/p>\n\n\n\n<p class=\"wp-block-paragraph\">Verktyg som <a href=\"https:\/\/en.wikipedia.org\/wiki\/Bradford_Factor\">Bradfordfaktorn<\/a> l\u00e4gger st\u00f6rre vikt vid antalet separata sjukfr\u00e5nvarotillf\u00e4llen \u00e4n vid det totala antalet fr\u00e5nvarodagar. Tanken \u00e4r att tio enskilda sjukdagar orsakar st\u00f6rre st\u00f6rningar och s\u00e4ger mer om arbetsmilj\u00f6n \u00e4n en sammanh\u00e4ngande tiodagarsfr\u00e5nvaro f\u00f6r ett planerat medicinskt ingrepp. Sj\u00e4lva formeln \u00e4r omdiskuterad, men grundprincipen \u00e4r rimlig: frekvens och varaktighet \u00e4r tv\u00e5 olika signaler och b\u00f6r f\u00f6ljas upp separat.<\/p>\n\n\n\n<h1 class=\"wp-block-heading\">Analysera p\u00e5 teamniv\u00e5 \u2013 inte individniv\u00e5<\/h1>\n\n\n\n<p class=\"wp-block-paragraph\">En enskild medarbetares sjukfr\u00e5nvaro inneh\u00e5ller i de flesta fall mer slumpm\u00e4ssig variation \u00e4n anv\u00e4ndbar information. Att identifiera eller flagga individer utifr\u00e5n sjukfr\u00e5nvarodata medf\u00f6r dessutom betydande risker n\u00e4r det g\u00e4ller integritet och diskriminering. Detta g\u00e4ller s\u00e4rskilt inom EU:s dataskyddsf\u00f6rordning (GDPR), d\u00e4r h\u00e4lsodata klassas som en s\u00e4rskild kategori av personuppgifter och omfattas av str\u00e4ngare krav p\u00e5 r\u00e4ttslig grund och skydds\u00e5tg\u00e4rder. Individers medicinska information b\u00f6r d\u00e4rf\u00f6r f\u00f6rbli konfidentiell inom f\u00f6retagsh\u00e4lsov\u00e5rden, medan ledningen endast b\u00f6r f\u00e5 tillg\u00e5ng till aggregerad och anonymiserad statistik f\u00f6r analys av m\u00f6nster.<\/p>\n\n\n\n<p class=\"wp-block-paragraph\">Ett mer statistiskt tillf\u00f6rlitligt och juridiskt h\u00e5llbart arbetss\u00e4tt \u00e4r att f\u00f6lja sjukfr\u00e5nvaro p\u00e5 niv\u00e5n team, arbetsskift, avdelningar eller chefers ansvarsomr\u00e5den. Dessa enheter b\u00f6r j\u00e4mf\u00f6ras med liknande enheter \u2013 inte med ett enda genomsnitt f\u00f6r hela organisationen. Om tv\u00e5 i \u00f6vrigt j\u00e4mf\u00f6rbara arbetsskift utf\u00f6r samma arbete men under olika chefer och \u00e4nd\u00e5 uppvisar tydligt olika sjukfr\u00e5nvaroniv\u00e5er under en l\u00e4ngre tid, \u00e4r arbetsmilj\u00f6n en betydligt mer sannolik f\u00f6rklaring \u00e4n slumpm\u00e4ssiga skillnader i h\u00e4lsa.<\/p>\n\n\n\n<p class=\"wp-block-paragraph\">Detta motsvarar i praktiken statistisk processtyrning till\u00e4mpad p\u00e5 HR-data \u2013 samma metod som ofta anv\u00e4nds inom kvalitetskontroll i tillverkningsindustrin. F\u00f6r varje enhet fastst\u00e4lls en normalniv\u00e5 och dess naturliga variation. Uppm\u00e4rksamhet riktas d\u00e4refter endast mot verkliga avvikelser, till exempel n\u00e4r resultaten avviker mer \u00e4n tv\u00e5 standardavvikelser fr\u00e5n ett rullande medelv\u00e4rde. P\u00e5 s\u00e5 s\u00e4tt undviker man att reagera p\u00e5 varje normal sv\u00e4ngning.<\/p>\n\n\n\n<h1 class=\"wp-block-heading\">F\u00f6lj utvecklingen \u00f6ver tid \u2013 inte \u00f6gonblicksbilder<\/h1>\n\n\n\n<p class=\"wp-block-paragraph\">Sjukfr\u00e5nvaron under en enskild m\u00e5nad p\u00e5verkas kraftigt av s\u00e4songsvariationer. D\u00e4rf\u00f6r ger rullande medelv\u00e4rden och j\u00e4mf\u00f6relser med samma period f\u00f6reg\u00e5ende \u00e5r betydligt mer v\u00e4rdefull information \u00e4n enstaka m\u00e5nadsresultat.<\/p>\n\n\n\n<p class=\"wp-block-paragraph\">En \u00f6kning under influensas\u00e4songen som p\u00e5verkar alla team ungef\u00e4r lika mycket \u00e4r brus. Om ett enda teams sjukfr\u00e5nvaro \u00f6kar medan j\u00e4mf\u00f6rbara team ligger kvar p\u00e5 samma niv\u00e5 \u00e4r det d\u00e4remot en tydlig signal.<\/p>\n\n\n\n<p class=\"wp-block-paragraph\">F\u00f6r\u00e4ndringens riktning \u00e4r ofta viktigare \u00e4n den absoluta niv\u00e5n. Ett team som historiskt haft h\u00f6g men stabil sjukfr\u00e5nvaro kan helt enkelt ha en \u00e4ldre personalstyrka eller ett fysiskt kr\u00e4vande arbete. Ett team vars sjukfr\u00e5nvaro \u00f6kar stadigt, \u00e4ven fr\u00e5n en l\u00e5g niv\u00e5, tyder d\u00e4remot ofta p\u00e5 att n\u00e5got h\u00e5ller p\u00e5 att f\u00f6r\u00e4ndras i arbetsmilj\u00f6n \u2013 exempelvis en ny chef, en omorganisation, \u00f6kad arbetsbelastning eller f\u00f6rs\u00e4mrad gruppdynamik.<\/p>\n\n\n\n<p class=\"wp-block-paragraph\">Vissa veckom\u00f6nster \u00e4r viktiga signaler som l\u00e4tt f\u00f6rsvinner i m\u00e5nadsstatistiken. Det kan handla om att sjukfr\u00e5nvaron samlas p\u00e5 m\u00e5ndagar eller fredagar, att den \u00f6kar efter organisationsf\u00f6r\u00e4ndringar som personalneddragningar, att den stiger under perioder med obligatorisk \u00f6vertid, eller att den konsekvent f\u00f6ljer ett visst arbetsskift.<\/p>\n\n\n\n<h1 class=\"wp-block-heading\">Kombinera sjukfr\u00e5nvarodata med andra informationsk\u00e4llor<\/h1>\n\n\n\n<p class=\"wp-block-paragraph\">Sjukfr\u00e5nvarodata blir betydligt mer anv\u00e4ndbar n\u00e4r den analyseras tillsammans med andra indikatorer i st\u00e4llet f\u00f6r isolerat.<\/p>\n\n\n\n<p class=\"wp-block-paragraph\">De mest v\u00e4rdefulla kompletterande informationsk\u00e4llorna \u00e4r ofta:<\/p>\n\n\n\n<ul class=\"wp-block-list\">\n<li>Resultat fr\u00e5n medarbetarunders\u00f6kningar eller kartl\u00e4ggningar av psykosociala risker. Om en avdelning b\u00e5de har h\u00f6g sjukfr\u00e5nvaro och l\u00e5ga resultat n\u00e4r det g\u00e4ller arbetsbelastning, sj\u00e4lvbest\u00e4mmande eller st\u00f6d fr\u00e5n chefer ger detta ett betydligt starkare underlag f\u00f6r \u00e5tg\u00e4rder \u00e4n n\u00e5gon av indikatorerna var f\u00f6r sig.<\/li>\n\n\n\n<li>Personaloms\u00e4ttning och \u00e5terkommande teman i avslutningsintervjuer.<\/li>\n\n\n\n<li>\u00d6vertids- och arbetsbelastningsdata \u2013 sjukfr\u00e5nvaron \u00f6kar ofta under veckorna efter l\u00e4ngre perioder av h\u00f6g arbetsbelastning.<\/li>\n\n\n\n<li>Rapporter om olyckor och tillbud \u2013 exponering f\u00f6r fysiska risker och sjukfr\u00e5nvarom\u00f6nster pekar ibland p\u00e5 samma bakomliggande problem.<\/li>\n\n\n\n<li>Sammanst\u00e4lld statistik fr\u00e5n f\u00f6retagsh\u00e4lsov\u00e5rdens remisser eller bed\u00f6mningar, d\u00e4r sekretessreglerna medger anonymiserad informationsdelning.<\/li>\n<\/ul>\n\n\n\n<p class=\"wp-block-paragraph\">N\u00e4r flera oberoende datak\u00e4llor pekar mot samma team eller funktion blir behovet av en n\u00e4rmare utredning betydligt starkare \u00e4n vad n\u00e5gon enskild indikator kan motivera.<\/p>\n\n\n\n<h1 class=\"wp-block-heading\">Planera \u00e5tg\u00e4rdsprocessen i f\u00f6rv\u00e4g<\/h1>\n\n\n\n<p class=\"wp-block-paragraph\">Ett uppf\u00f6ljningssystem utan en tydligt definierad \u00e5tg\u00e4rdsprocess riskerar antingen att inte anv\u00e4ndas alls eller att anv\u00e4ndas inkonsekvent. D\u00e4rf\u00f6r b\u00f6r organisationen redan fr\u00e5n b\u00f6rjan best\u00e4mma vad som ska h\u00e4nda n\u00e4r olika tr\u00f6skelv\u00e4rden uppn\u00e5s, s\u00e5 att \u00e5tg\u00e4rderna blir proportionerliga och \u00e4ndam\u00e5lsenliga i st\u00e4llet f\u00f6r enbart reaktiva.<\/p>\n\n\n\n<p class=\"wp-block-paragraph\">Exempelvis:<\/p>\n\n\n\n<ul class=\"wp-block-list\">\n<li>Ett team med m\u00e5nga korta och \u00e5terkommande sjukfr\u00e5nvaroperioder kan leda till ett strukturerat samtal mellan chef och arbetsgrupp om arbetsbelastning, arbetsklimat och arbetsorganisation \u2013 inte om enskilda medarbetares prestation.<\/li>\n\n\n\n<li>Ett team d\u00e4r den l\u00e5ngvariga sjukfr\u00e5nvaron \u00f6kar kan f\u00f6ranleda en genomg\u00e5ng av arbetsf\u00f6rh\u00e5llanden och ergonomi tillsammans med f\u00f6retagsh\u00e4lsov\u00e5rden.<\/li>\n\n\n\n<li>En individ med l\u00e5ngvarig sjukfr\u00e5nvaro b\u00f6r, oavsett orsaken, erbjudas en strukturerad och st\u00f6djande process f\u00f6r \u00e5terg\u00e5ng i arbete. Denna process b\u00f6r hanteras separat fr\u00e5n den statistiska uppf\u00f6ljning som anv\u00e4nds f\u00f6r att identifiera m\u00f6nster p\u00e5 teamniv\u00e5.<\/li>\n<\/ul>\n\n\n\n<p class=\"wp-block-paragraph\">I Finland \u00e4r delar av denna process lagstadgad. Arbetsgivare \u00e4r skyldiga att samarbeta med f\u00f6retagsh\u00e4lsov\u00e5rden kring uppf\u00f6ljning av arbetsf\u00f6rm\u00e5ga, och det finns fastst\u00e4llda gr\u00e4nsv\u00e4rden \u2013 exempelvis efter 90 dagars sjukfr\u00e5nvaro under ett \u00e5r \u2013 som utl\u00f6ser en obligatorisk bed\u00f6mning inom f\u00f6retagsh\u00e4lsov\u00e5rden. Att k\u00e4nna till dessa gr\u00e4nser och integrera dem i organisationens egna rutiner \u00e4r ocks\u00e5 en del av att uppfylla lagens krav.<\/p>\n\n\n\n<h1 class=\"wp-block-heading\">R\u00e4tt utg\u00e5ngspunkt \u00e4r avg\u00f6rande<\/h1>\n\n\n\n<p class=\"wp-block-paragraph\">Den st\u00f6rsta risken vid utformningen av ett uppf\u00f6ljningssystem \u00e4r att fokus enbart ligger p\u00e5 att minska sjukfr\u00e5nvaron. Ett s\u00e5dant system riskerar att driva fram presenteeism: medarbetare g\u00e5r till arbetet trots sjukdom f\u00f6r att undvika att uppm\u00e4rksammas, statistiken ser b\u00e4ttre ut p\u00e5 papperet, men de verkliga problemen med h\u00e4lsa och arbetsmilj\u00f6 f\u00f6rblir ouppt\u00e4ckta.<\/p>\n\n\n\n<p class=\"wp-block-paragraph\">Om systemet i st\u00e4llet utformas f\u00f6r att identifiera var organisationen b\u00f6r investera \u2013 i bemanning, arbetsorganisation, ergonomi, ledarskap eller tidiga h\u00e4lsoinsatser \u2013 skapas ett helt annat beteende i organisationen. Samtidigt blir datan mer tillf\u00f6rlitlig, eftersom medarbetarna inte har n\u00e5got incitament att d\u00f6lja just de problem som systemet \u00e4r avsett att synligg\u00f6ra.<\/p>\n\n\n\n<h1 class=\"wp-block-heading\">Sammanfattning<\/h1>\n\n\n\n<p class=\"wp-block-paragraph\">Sjukfr\u00e5nvarodata \u00e4r som mest v\u00e4rdefull inte som ett tal som ska minimeras, utan som en av flera informationsk\u00e4llor f\u00f6r att identifiera var psykosociala eller fysiska arbetsmilj\u00f6risker \u00e4r koncentrerade s\u00e5 att de kan \u00e5tg\u00e4rdas vid k\u00e4llan. Ett v\u00e4l utformat uppf\u00f6ljningssystem, som anv\u00e4nds tillsammans med f\u00f6retagsh\u00e4lsov\u00e5rden och bygger p\u00e5 de modeller f\u00f6r psykosociala risker som beskrevs i del ett och tv\u00e5 av den h\u00e4r serien, kan g\u00f6ra just detta.<\/p>\n\n\n\n<p class=\"wp-block-paragraph\">Skillnaden mellan ett system som fungerar och ett som inte g\u00f6r det syns inte i hur avancerad instrumentpanelen eller rapporteringen \u00e4r, utan i om organisationen faktiskt lyckas f\u00f6rst\u00e5 vad den insamlade datan f\u00f6rs\u00f6ker ber\u00e4tta.<\/p>\n\n\n\n<p class=\"wp-block-paragraph\">Detta var den sista delen i v\u00e5r artikelserie om sjukfr\u00e5nvaro, arbetstillfredsst\u00e4llelse och uppf\u00f6ljning inom f\u00f6retagsh\u00e4lsov\u00e5rden. Om du arbetar i Finland eller planerar att g\u00f6ra det \u00e4r kunskap om hur dessa system fungerar en viktig del av arbetsmilj\u00f6kompetensen. Detta \u00e4r ocks\u00e5 ett \u00e4mne som vi behandlar ing\u00e5ende i v\u00e5ra webbaserade utbildningar inom arbetarskydd.<\/p>\n\n\n<p>","protected":false},"excerpt":{"rendered":"<p>A single absence record carries almost no information on its own. The system has to be built around aggregation, comparison, and pattern recognition rather than individual events. The goal isn&#8217;t to minimize the absence number &#8211; that framing leads directly to the wrong outcomes.<\/p>","protected":false},"author":5,"featured_media":2450,"comment_status":"closed","ping_status":"closed","sticky":false,"template":"","format":"standard","meta":{"_acf_changed":false,"footnotes":""},"categories":[42,176,18],"tags":[],"class_list":["post-2449","post","type-post","status-publish","format-standard","has-post-thumbnail","hentry","category-occupational-safety","category-risk-management","category-safety-and-health"],"acf":[],"_links":{"self":[{"href":"https:\/\/tva.fi\/sv\/wp-json\/wp\/v2\/posts\/2449","targetHints":{"allow":["GET"]}}],"collection":[{"href":"https:\/\/tva.fi\/sv\/wp-json\/wp\/v2\/posts"}],"about":[{"href":"https:\/\/tva.fi\/sv\/wp-json\/wp\/v2\/types\/post"}],"author":[{"embeddable":true,"href":"https:\/\/tva.fi\/sv\/wp-json\/wp\/v2\/users\/5"}],"replies":[{"embeddable":true,"href":"https:\/\/tva.fi\/sv\/wp-json\/wp\/v2\/comments?post=2449"}],"version-history":[{"count":12,"href":"https:\/\/tva.fi\/sv\/wp-json\/wp\/v2\/posts\/2449\/revisions"}],"predecessor-version":[{"id":2469,"href":"https:\/\/tva.fi\/sv\/wp-json\/wp\/v2\/posts\/2449\/revisions\/2469"}],"wp:featuredmedia":[{"embeddable":true,"href":"https:\/\/tva.fi\/sv\/wp-json\/wp\/v2\/media\/2450"}],"wp:attachment":[{"href":"https:\/\/tva.fi\/sv\/wp-json\/wp\/v2\/media?parent=2449"}],"wp:term":[{"taxonomy":"category","embeddable":true,"href":"https:\/\/tva.fi\/sv\/wp-json\/wp\/v2\/categories?post=2449"},{"taxonomy":"post_tag","embeddable":true,"href":"https:\/\/tva.fi\/sv\/wp-json\/wp\/v2\/tags?post=2449"}],"curies":[{"name":"wp","href":"https:\/\/api.w.org\/{rel}","templated":true}]}}