{"id":2422,"date":"2026-07-01T11:13:11","date_gmt":"2026-07-01T09:13:11","guid":{"rendered":"https:\/\/www.tva.fi\/?p=2422"},"modified":"2026-07-07T14:25:02","modified_gmt":"2026-07-07T12:25:02","slug":"hur-foretagshalsovarden-foljer-upp-sjukfranvaro-i-finland","status":"publish","type":"post","link":"https:\/\/tva.fi\/sv\/how-occupational-health-care-services-monitor-sick-leave-in-finland\/","title":{"rendered":"Hur f\u00f6retagsh\u00e4lsov\u00e5rden f\u00f6ljer upp sjukfr\u00e5nvaro i Finland"},"content":{"rendered":"<\/p>\n\n\n\n<p class=\"wp-block-paragraph\"><a href=\"https:\/\/www.tva.fi\/sv\/sjukfranvaro-som-matt-pa-arbetstillfredsstallelse\/\">Del 1 av 3 \u2013 Sjukfr\u00e5nvaro som ett m\u00e5tt p\u00e5 arbetstillfredsst\u00e4llelse<\/a><br>Del 2 av 3 \u2013 Hur f\u00f6retagsh\u00e4lsov\u00e5rden f\u00f6ljer upp sjukfr\u00e5nvaro i Finland (denna artikel)<br><a href=\"https:\/\/www.tva.fi\/sv\/sjukfranvaro-sa-bygger-du-ett-uppfoljningssystem-som-fungerar\/\">Del 3 av 3 \u2013 Att utforma ett system f\u00f6r uppf\u00f6ljning av fr\u00e5nvaro<\/a><\/p>\n\n\n\n<p class=\"wp-block-paragraph\"><a href=\"https:\/\/www.tva.fi\/sv\/sjukfranvaro-som-matt-pa-arbetstillfredsstallelse\/\">I den f\u00f6rsta delen av den h\u00e4r artikelserien<\/a> tittade vi p\u00e5 vad m\u00f6nster i sjukfr\u00e5nvaron kan avsl\u00f6ja om arbetstillfredsst\u00e4llelse och arbetsplatsens h\u00e4lsa, och varf\u00f6r fr\u00e5nvarodata b\u00f6r analyseras p\u00e5 gruppniv\u00e5 snarare \u00e4n utifr\u00e5n enskilda individer. Men att f\u00f6rst\u00e5 m\u00f6nstren \u00e4r bara halva ekvationen. N\u00e5gon m\u00e5ste ocks\u00e5 agera utifr\u00e5n dem.<\/p>\n\n\n\n<p class=\"wp-block-paragraph\">I Finland ligger inte det ansvaret enbart p\u00e5 arbetsgivaren. I den h\u00e4r artikeln tittar vi n\u00e4rmare p\u00e5 hur f\u00f6retagsh\u00e4lsov\u00e5rden spelar en aktiv roll i att f\u00f6lja upp sjukfr\u00e5nvaro, vilka m\u00f6nster man letar efter och varf\u00f6r systemet kan komma som en verklig \u00f6verraskning f\u00f6r personer som kommer fr\u00e5n l\u00e4nder d\u00e4r det fungerar p\u00e5 ett helt annat s\u00e4tt.<\/p>\n\n\n\n<h2 class=\"wp-block-heading\">En strukturell roll \u2013 inte bara en medicinsk<\/h2>\n\n\n\n<p class=\"wp-block-paragraph\">I m\u00e5nga l\u00e4nder \u00e4r f\u00f6retagsh\u00e4lsov\u00e5rden huvudsakligen reaktiv: en anst\u00e4lld blir sjuk, en l\u00e4kare utf\u00e4rdar ett sjukintyg och arbetsgivaren arkiverar det. Det finl\u00e4ndska systemet bygger p\u00e5 en annan logik. Arbetsgivare \u00e4r enligt lag skyldiga att ordna f\u00f6retagsh\u00e4lsov\u00e5rd f\u00f6r sina anst\u00e4llda. <strong>Och uppdraget stannar inte vid att hantera sjukintyg i efterhand \u2013 det handlar lika mycket om att f\u00f6lja arbetsf\u00f6rm\u00e5gan och st\u00f6dja tidiga insatser n\u00e4r problem b\u00f6rjar uppst\u00e5.<\/strong><\/p>\n\n\n\n<p class=\"wp-block-paragraph\">Det inneb\u00e4r att f\u00f6retagsh\u00e4lsov\u00e5rden fungerar som en aktiv samarbetspartner som f\u00f6ljer fr\u00e5nvarom\u00f6nster \u00f6ver tid, samarbetar med arbetsgivaren och uppm\u00e4rksammar fall som motiverar en n\u00e4rmare bed\u00f6mning. De medicinska orsakerna bakom en sjukfr\u00e5nvaro f\u00f6rblir konfidentiella inom f\u00f6retagsh\u00e4lsov\u00e5rden \u2013 den finl\u00e4ndska lagstiftningen \u00e4r tydlig p\u00e5 den punkten. Det som delas med arbetsgivaren \u00e4r bed\u00f6mningar av arbetsf\u00f6rm\u00e5ga och \u00f6vergripande m\u00f6nster, inte enskilda h\u00e4lsouppgifter. Denna skillnad \u00e4r viktig, b\u00e5de juridiskt och f\u00f6r att skapa f\u00f6rtroende.<\/p>\n\n\n\n<h2 class=\"wp-block-heading\">Vad f\u00f6retagsh\u00e4lsov\u00e5rden letar efter<\/h2>\n\n\n\n<p class=\"wp-block-paragraph\">De mest v\u00e4rdefulla signalerna \u00e4r s\u00e4llan en enstaka l\u00e5ng sjukskrivning. Betydligt oftare handlar det om \u00e5terkommande, mindre signaler som var och en kan verka obetydlig men som tillsammans bildar ett tydligt m\u00f6nster \u00f6ver veckor eller m\u00e5nader.<\/p>\n\n\n\n<p class=\"wp-block-paragraph\">Ett klassiskt exempel \u00e4r \u00e5terkommande fr\u00e5nvaro p\u00e5 m\u00e5ndagar. Att vara sjuk en enskild m\u00e5ndag \u00e4r inget anm\u00e4rkningsv\u00e4rt. Men om samma person upprepade g\u00e5nger \u00e4r fr\u00e5nvarande p\u00e5 m\u00e5ndagar under flera m\u00e5nader \u00e4r det precis den typ av m\u00f6nster som f\u00f6retagsh\u00e4lsov\u00e5rden \u00e4r utbildad att uppt\u00e4cka och unders\u00f6ka. Syftet \u00e4r inte att avsl\u00f6ja n\u00e5gon, utan att f\u00f6rst\u00e5 vad som ligger bakom beteendet, eftersom r\u00e4tt \u00e5tg\u00e4rd helt beror p\u00e5 orsaken.<\/p>\n\n\n\n<p class=\"wp-block-paragraph\">Det finns flera m\u00f6jliga f\u00f6rklaringar n\u00e4r ett s\u00e5dant m\u00f6nster uppst\u00e5r:<\/p>\n\n\n\n<ul class=\"wp-block-list\">\n<li><strong>En informellt f\u00f6rl\u00e4ngd helg.<\/strong> Ibland \u00e4r f\u00f6rklaringen precis vad den verkar vara: en vana att f\u00f6rl\u00e4nga helgen. Det \u00e4r viktigt att kunna tala \u00f6ppet om detta, eftersom det \u00e4r en verklig och relativt vanlig orsak som fr\u00e4mst kr\u00e4ver ett \u00e4rligt samtal snarare \u00e4n medicinska insatser.<\/li>\n\n\n\n<li><strong>Alkoholrelaterade problem.<\/strong> \u00c5terkommande fr\u00e5nvaro p\u00e5 m\u00e5ndagar \u00e4r ocks\u00e5 en v\u00e4lk\u00e4nd tidig indikator p\u00e5 problematisk alkoholkonsumtion. F\u00f6retagsh\u00e4lsov\u00e5rden i Finland har s\u00e4rskild kompetens att ta upp detta p\u00e5 ett respektfullt s\u00e4tt och hj\u00e4lpa den anst\u00e4llde att f\u00e5 r\u00e4tt st\u00f6d i ett tidigt skede, innan problemen utvecklas till n\u00e5got allvarligare. Detta \u00e4r s\u00e4rskilt viktigt i fysiskt kr\u00e4vande eller s\u00e4kerhetskritiska yrken, d\u00e4r nedsatt arbetsf\u00f6rm\u00e5ga kan inneb\u00e4ra risker \u00e4ven f\u00f6r andra.<\/li>\n\n\n\n<li><strong>Belastning fr\u00e5n familje- eller omsorgsansvar.<\/strong> Vissa fr\u00e5nvarom\u00f6nster kan bero p\u00e5 att omsorgsansvar under helgen leder till utmattning, vilket g\u00f6r det genuint sv\u00e5rt att \u00e5terg\u00e5 till arbetet p\u00e5 m\u00e5ndagen.<\/li>\n\n\n\n<li><strong>Oro eller motvilja inf\u00f6r arbetet.<\/strong> I vissa fall speglar m\u00e5ndagsfr\u00e5nvaro \u00e5ngest eller missn\u00f6je som \u00e4r kopplat just till arbetsveckans b\u00f6rjan \u2013 en beteendesignal som ligger i sk\u00e4rningspunkten mellan arbetstillfredsst\u00e4llelse och psykisk h\u00e4lsa.<\/li>\n<\/ul>\n\n\n\n<p class=\"wp-block-paragraph\">Sj\u00e4lva m\u00f6nstret avsl\u00f6jar dock inte vilken av dessa f\u00f6rklaringar som \u00e4r den r\u00e4tta. D\u00e4rf\u00f6r beh\u00f6ver det unders\u00f6kas, inte leda till f\u00f6rhastade slutsatser.<\/p>\n\n\n\n<h2 class=\"wp-block-heading\">Varf\u00f6r fungerar detta b\u00e4ttre \u00e4n om arbetsgivaren f\u00f6ljer upp p\u00e5 egen hand?<\/h2>\n\n\n\n<p class=\"wp-block-paragraph\">En arbetsgivare som tittar p\u00e5 en fr\u00e5nvarokalender kan se samma \u00e5terkommande m\u00e5ndagsm\u00f6nster. Det arbetsgivaren d\u00e4remot oftast saknar \u00e4r m\u00f6jligheten att f\u00f6lja upp situationen p\u00e5 ett s\u00e4tt som \u00e4r medicinskt v\u00e4lgrundat, juridiskt korrekt och genuint st\u00f6djande snarare \u00e4n bestraffande.<\/p>\n\n\n\n<p class=\"wp-block-paragraph\">En chef som fr\u00e5gar: <em>&#8220;Varf\u00f6r sjukanm\u00e4ler du dig s\u00e5 ofta p\u00e5 m\u00e5ndagar?&#8221;<\/em> skapar en helt annan situation \u00e4n n\u00e4r samma fr\u00e5ga st\u00e4lls av en f\u00f6retagsh\u00e4lsosjuksk\u00f6terska eller f\u00f6retagsl\u00e4kare i ett konfidentiellt professionellt sammanhang. Maktbalansen och samtalets f\u00f6ruts\u00e4ttningar \u00e4r helt olika.<\/p>\n\n\n\n<p class=\"wp-block-paragraph\">F\u00f6retagsh\u00e4lsov\u00e5rden har tre viktiga f\u00f6rdelar som arbetsgivaren vanligtvis saknar: medicinsk kompetens att avg\u00f6ra n\u00e4r ett fr\u00e5nvarom\u00f6nster kan ha h\u00e4lsorelaterade orsaker, sekretess som g\u00f6r det m\u00f6jligt f\u00f6r den anst\u00e4llde att svara \u00f6ppet och \u00e4rligt samt en professionell relation som byggts upp utanf\u00f6r arbetsplatsens hierarki. Det \u00e4r denna kombination som g\u00f6r tidiga insatser m\u00f6jliga och som skiljer st\u00f6djande \u00e5tg\u00e4rder fr\u00e5n ren \u00f6vervakning.<\/p>\n\n\n\n<h2 class=\"wp-block-heading\">Vad inneb\u00e4r detta f\u00f6r personer som flyttar till Finland f\u00f6r att arbeta?<\/h2>\n\n\n\n<p class=\"wp-block-paragraph\">F\u00f6r personer som kommer fr\u00e5n l\u00e4nder d\u00e4r f\u00f6retagsh\u00e4lsov\u00e5rdens roll \u00e4r betydligt mer begr\u00e4nsad kan det finl\u00e4ndska systemet k\u00e4nnas ov\u00e4ntat. Tanken att f\u00f6retagsh\u00e4lsov\u00e5rden f\u00f6ljer dina sjukfr\u00e5nvarom\u00f6nster och kan kontakta dig direkt om den ser n\u00e5got avvikande kan till en b\u00f6rjan uppfattas som integritetskr\u00e4nkande.<\/p>\n\n\n\n<p class=\"wp-block-paragraph\">Det \u00e4r d\u00e4rf\u00f6r viktigt att f\u00f6rst\u00e5 vad systemet g\u00f6r \u2013 och vad det inte g\u00f6r. Det \u00e4r inte ett verktyg f\u00f6r arbetsgivaren att \u00f6vervaka enskilda medarbetares h\u00e4lsouppgifter; lagstiftningen s\u00e4tter mycket tydliga gr\u00e4nser f\u00f6r detta. Syftet \u00e4r i st\u00e4llet att identifiera problem tidigt, oavsett om de \u00e4r fysiska, psykiska eller beteendem\u00e4ssiga, medan de fortfarande g\u00e5r att \u00e5tg\u00e4rda, i st\u00e4llet f\u00f6r att v\u00e4nta tills n\u00e5gon varit sjukskriven i m\u00e5nader eller en allvarlig s\u00e4kerhetsincident har intr\u00e4ffat.<\/p>\n\n\n\n<p class=\"wp-block-paragraph\">Att f\u00f6rst\u00e5 detta system \u2013 att det finns f\u00f6r att st\u00f6dja medarbetare snarare \u00e4n kontrollera dem \u2013 \u00e4r i sig en viktig del av introduktionen till arbetslivet i Finland. N\u00e4r man vet vilken roll f\u00f6retagsh\u00e4lsov\u00e5rden har blir det ocks\u00e5 l\u00e4ttare att anv\u00e4nda den som den resurs den \u00e4r avsedd att vara.<\/p>\n\n\n\n<p class=\"wp-block-paragraph\"><em>I den tredje delen av den h\u00e4r artikelserien blir vi mer praktiska: hur b\u00f6r organisationer utforma ett system f\u00f6r uppf\u00f6ljning av sjukfr\u00e5nvaro som p\u00e5 ett tillf\u00f6rlitligt s\u00e4tt skiljer meningsfulla signaler fr\u00e5n statistiskt brus och undviker f\u00e4llan att enbart f\u00f6rs\u00f6ka minska sjukfr\u00e5nvaron utan att l\u00f6sa de bakomliggande problemen?<\/em><\/p>\n\n\n<p>","protected":false},"excerpt":{"rendered":"<p>This post looks at how occupational health care providers take an active role in monitoring sick leave, what they\u2019re looking for, and why this system can come as a genuine surprise to workers coming from countries where it works very differently.<\/p>","protected":false},"author":5,"featured_media":2427,"comment_status":"closed","ping_status":"closed","sticky":false,"template":"","format":"standard","meta":{"_acf_changed":false,"footnotes":""},"categories":[48,18],"tags":[23,27,43],"class_list":["post-2422","post","type-post","status-publish","format-standard","has-post-thumbnail","hentry","category-practical-information-about-working-in-finland","category-safety-and-health","tag-occupational-safety","tag-safety-training","tag-work-safety"],"acf":[],"_links":{"self":[{"href":"https:\/\/tva.fi\/sv\/wp-json\/wp\/v2\/posts\/2422","targetHints":{"allow":["GET"]}}],"collection":[{"href":"https:\/\/tva.fi\/sv\/wp-json\/wp\/v2\/posts"}],"about":[{"href":"https:\/\/tva.fi\/sv\/wp-json\/wp\/v2\/types\/post"}],"author":[{"embeddable":true,"href":"https:\/\/tva.fi\/sv\/wp-json\/wp\/v2\/users\/5"}],"replies":[{"embeddable":true,"href":"https:\/\/tva.fi\/sv\/wp-json\/wp\/v2\/comments?post=2422"}],"version-history":[{"count":13,"href":"https:\/\/tva.fi\/sv\/wp-json\/wp\/v2\/posts\/2422\/revisions"}],"predecessor-version":[{"id":2471,"href":"https:\/\/tva.fi\/sv\/wp-json\/wp\/v2\/posts\/2422\/revisions\/2471"}],"wp:featuredmedia":[{"embeddable":true,"href":"https:\/\/tva.fi\/sv\/wp-json\/wp\/v2\/media\/2427"}],"wp:attachment":[{"href":"https:\/\/tva.fi\/sv\/wp-json\/wp\/v2\/media?parent=2422"}],"wp:term":[{"taxonomy":"category","embeddable":true,"href":"https:\/\/tva.fi\/sv\/wp-json\/wp\/v2\/categories?post=2422"},{"taxonomy":"post_tag","embeddable":true,"href":"https:\/\/tva.fi\/sv\/wp-json\/wp\/v2\/tags?post=2422"}],"curies":[{"name":"wp","href":"https:\/\/api.w.org\/{rel}","templated":true}]}}