{"id":2369,"date":"2026-06-24T10:56:55","date_gmt":"2026-06-24T08:56:55","guid":{"rendered":"https:\/\/www.tva.fi\/?p=2369"},"modified":"2026-07-07T14:27:31","modified_gmt":"2026-07-07T12:27:31","slug":"sjukfranvaro-som-matt-pa-arbetstillfredsstallelse","status":"publish","type":"post","link":"https:\/\/tva.fi\/sv\/sick-leave-and-job-satisfaction-what-absence-data-is-really-telling-you\/","title":{"rendered":"Sjukfr\u00e5nvaro som m\u00e5tt p\u00e5 arbetstillfredsst\u00e4llelse"},"content":{"rendered":"<\/p>\n\n\n\n<p class=\"wp-block-paragraph\">De flesta organisationer f\u00f6ljer sjukfr\u00e5nvaro p\u00e5 samma s\u00e4tt som de f\u00f6ljer f\u00f6rbrukningen av kontorsmaterial: som en siffra som g\u00e5r upp eller ner, rapporteras i ett kalkylblad och ibland leder till en p\u00e5minnelse om f\u00f6retagets policy n\u00e4r den blir f\u00f6r h\u00f6g. Men r\u00e4tt tolkad \u00e4r sjukfr\u00e5nvarodata en av de mest v\u00e4rdefulla beteendem\u00e4ssiga signalerna en organisation har om arbetsplatsens h\u00e4lsa. Feltolkad blir den ett nyckeltal som \u201dhanteras\u201d tills problemen f\u00f6rsvinner ur statistiken, medan de underliggande orsakerna i tysthet forts\u00e4tter att f\u00f6rv\u00e4rras.<\/p>\n\n\n\n<p class=\"wp-block-paragraph\">Detta \u00e4r den f\u00f6rsta delen i en serie om tre artiklar om fr\u00e5nvarodata som ett verktyg f\u00f6r arbetsmilj\u00f6 och arbetsh\u00e4lsa. I den h\u00e4r artikeln tittar vi p\u00e5 vad sjukfr\u00e5nvarom\u00f6nster kan avsl\u00f6ja om arbetstillfredsst\u00e4llelse och varf\u00f6r sambandet \u00e4r mer komplext \u00e4n det f\u00f6rst verkar.<\/p>\n\n\n\n<p class=\"wp-block-paragraph\">Del 1 av 3 \u2013 Sjukfr\u00e5nvaro som m\u00e5tt p\u00e5 arbetstillfredsst\u00e4llelse (denna artikel)<br><a href=\"https:\/\/www.tva.fi\/sv\/hur-foretagshalsovarden-foljer-upp-sjukfranvaro-i-finland\/\">Del 2 av 3 \u2013 Hur f\u00f6retagsh\u00e4lsov\u00e5rden f\u00f6ljer upp sjukfr\u00e5nvaro i Finland<\/a><br><a href=\"https:\/\/www.tva.fi\/sv\/sjukfranvaro-sa-bygger-du-ett-uppfoljningssystem-som-fungerar\/\">Del 3 av 3 \u2013 Att utforma ett system f\u00f6r \u00f6vervakning av fr\u00e5nvaro<\/a><\/p>\n\n\n\n<h2 class=\"wp-block-heading\">Sjukfr\u00e5nvaro som ett f\u00f6nster mot arbetstillfredsst\u00e4llelse<\/h2>\n\n\n\n<p class=\"wp-block-paragraph\">Id\u00e9n att fr\u00e5nvaro s\u00e4ger n\u00e5got om hur m\u00e4nniskor upplever sitt arbete \u00e4r inte ny. Klassiska modeller inom organisationspsykologi beskriver fr\u00e5nvaro som en del av ett spektrum av reaktioner p\u00e5 missn\u00f6je, tillsammans med f\u00f6rseningar, minskat engagemang och i slut\u00e4ndan upps\u00e4gning. N\u00e4r m\u00e4nniskor \u00e4r missn\u00f6jda med sitt arbete men \u00e4nnu inte \u00e4r redo att s\u00e4ga upp sig menar teorin att korta, oplanerade fr\u00e5nvaroperioder ofta \u00e4r den f\u00f6rsta synliga sprickan.<\/p>\n\n\n\n<p class=\"wp-block-paragraph\">Forskningen st\u00f6der generellt ett m\u00e5ttligt samband mellan l\u00e5g arbetstillfredsst\u00e4llelse och h\u00f6gre frekvens av sjukfr\u00e5nvaro. Men ordet <em>m\u00e5ttlig<\/em>t \u00e4r avg\u00f6rande. P\u00e5 individniv\u00e5 domineras sjukfr\u00e5nvaro av brus: verklig sjukdom, omsorgsansvar, s\u00e4songsinfektioner och ren otur hamnar i samma statistik som arbetsrelaterade orsaker. En enskild fr\u00e5nvaro ger d\u00e4rf\u00f6r mycket lite information.<\/p>\n\n\n\n<p class=\"wp-block-paragraph\">Det som blir informativt \u00e4r i st\u00e4llet m\u00f6nstren p\u00e5 gruppniv\u00e5. Om en avdelning konsekvent har h\u00f6gre sjukfr\u00e5nvaro \u00e4n j\u00e4mf\u00f6rbara avdelningar med liknande arbetsuppgifter, eller om ett teams fr\u00e5nvaro \u00f6kar stadigt efter ett chefsbyte, \u00e4r det en betydligt starkare signal \u00e4n n\u00e5gon enskild fr\u00e5nvaroh\u00e4ndelse.<\/p>\n\n\n\n<p class=\"wp-block-paragraph\">Det finns ocks\u00e5 en motintuitiv aspekt: mycket l\u00e5g sjukfr\u00e5nvaro \u00e4r inte automatiskt ett tecken p\u00e5 en h\u00e4lsosam arbetsplats. I kulturer d\u00e4r det \u00e4r stigmatiserande att sjukskriva sig, eller d\u00e4r anst\u00e4llningstryggheten upplevs som os\u00e4ker, g\u00e5r m\u00e4nniskor till arbetet trots sjukdom f\u00f6r att inte framst\u00e5 som op\u00e5litliga. Detta kallas <em>presenteeism<\/em> och f\u00f6rekommer ofta tillsammans med \u2013 eller d\u00f6ljer \u2013 samma underliggande problem som leder till h\u00f6g sjukfr\u00e5nvaro p\u00e5 andra arbetsplatser. L\u00e5g sjukfr\u00e5nvaro och h\u00f6gt v\u00e4lbefinnande \u00e4r d\u00e4rf\u00f6r inte n\u00f6dv\u00e4ndigtvis samma sak.<\/p>\n\n\n\n<figure class=\"wp-block-image size-full\"><img loading=\"lazy\" decoding=\"async\" width=\"1125\" height=\"653\" src=\"https:\/\/www.tva.fi\/wp-content\/uploads\/Sjukfranvaro-och-arbetstrivsel-infograf.jpg\" alt=\"\" class=\"wp-image-2396\" srcset=\"https:\/\/tva.fi\/wp-content\/uploads\/Sjukfranvaro-och-arbetstrivsel-infograf.jpg 1125w, https:\/\/tva.fi\/wp-content\/uploads\/Sjukfranvaro-och-arbetstrivsel-infograf-768x446.jpg 768w, https:\/\/tva.fi\/wp-content\/uploads\/Sjukfranvaro-och-arbetstrivsel-infograf-18x10.jpg 18w\" sizes=\"auto, (max-width: 1125px) 100vw, 1125px\" \/><\/figure>\n\n\n\n<h2 class=\"wp-block-heading\">Vad inneb\u00e4r detta f\u00f6r arbetsmilj\u00f6 och arbetsh\u00e4lsa?<\/h2>\n\n\n\n<p class=\"wp-block-paragraph\">Ur ett arbetsmilj\u00f6perspektiv fungerar \u00f6kande eller ih\u00e5llande h\u00f6g sjukfr\u00e5nvaro ofta som en eftersl\u00e4pande indikator p\u00e5 psykosociala risker \u2013 risker som helst borde ha identifierats tidigare genom proaktiv bed\u00f6mning i st\u00e4llet f\u00f6r att uppt\u00e4ckas f\u00f6rst n\u00e4r de syns i fr\u00e5nvarostatistiken.<\/p>\n\n\n\n<p class=\"wp-block-paragraph\">Tv\u00e5 v\u00e4letablerade modeller f\u00f6rklarar en stor del av detta samband. <strong>Krav\u2013kontroll-modellen<\/strong> pekar p\u00e5 kombinationen av h\u00f6ga arbetskrav och l\u00e5g grad av sj\u00e4lvbest\u00e4mmande som en drivkraft bakom kronisk stress. <strong>Modellen om obalans mellan anstr\u00e4ngning och bel\u00f6ning<\/strong> beskriver situationer d\u00e4r m\u00e4nniskor investerar betydande tid och energi \u2013 l\u00e5nga arbetsdagar, emotionellt kr\u00e4vande arbete eller stort ansvar \u2013 utan motsvarande bel\u00f6ning i form av l\u00f6n, erk\u00e4nnande eller trygghet. B\u00e5da m\u00f6nstren \u00e4r tydligt kopplade till h\u00f6gre niv\u00e5er av stressrelaterad sjukfr\u00e5nvaro, utbr\u00e4ndhet, \u00e5ngest och depression.<\/p>\n\n\n\n<p class=\"wp-block-paragraph\">Den praktiska konsekvensen \u00e4r att \u00f6verdriven arbetsbelastning, otydliga roller, bristf\u00e4lligt ledarskap, otillr\u00e4ckligt socialt st\u00f6d samt mobbning och trakasserier b\u00f6r behandlas som arbetsmilj\u00f6risker. Detta g\u00e4ller p\u00e5 samma s\u00e4tt som f\u00f6r bullriga maskiner eller d\u00e5ligt utformade arbetsstationer. I m\u00e5nga europeiska l\u00e4nder, s\u00e4rskilt i Norden, blir bed\u00f6mning av psykosociala risker dessutom en allt viktigare del av det formella arbetsmilj\u00f6arbetet.<\/p>\n\n\n\n<p class=\"wp-block-paragraph\">Det \u00e4r ocks\u00e5 viktigt att komma ih\u00e5g att psykisk och fysisk h\u00e4lsa inte \u00e4r s\u00e5 tydligt \u00e5tskilda som kategorierna antyder. Kronisk stress visar sig ofta genom fysiska symtom som s\u00f6mnst\u00f6rningar, belastning p\u00e5 hj\u00e4rt-k\u00e4rlsystemet och sp\u00e4nningsrelaterad sm\u00e4rta i muskler och leder. Ett kalkylblad som delar upp fr\u00e5nvaro i \u201dpsykisk h\u00e4lsa\u201d och \u201dfysisk h\u00e4lsa\u201d drar d\u00e4rf\u00f6r ofta en gr\u00e4ns som egentligen inte existerar biologiskt.<\/p>\n\n\n\n<p class=\"wp-block-paragraph\">P\u00e5 den fysiska sidan kan sjukfr\u00e5nvaro ocks\u00e5 avsl\u00f6ja problem med ergonomi eller arbetsuppgifternas utformning. Upprepade korta fr\u00e5nvaroperioder kopplade till en viss roll eller arbetsstation \u00e4r ofta mer diagnostiskt v\u00e4rdefulla \u00e4n en enskild l\u00e5ng sjukskrivning, eftersom de pekar p\u00e5 en fortg\u00e5ende exponering snarare \u00e4n en isolerad h\u00e4ndelse.<\/p>\n\n\n\n<h2 class=\"wp-block-heading\">Risker f\u00f6r arbetsgivare<\/h2>\n\n\n\n<p class=\"wp-block-paragraph\">Kostnaderna och riskerna str\u00e4cker sig l\u00e5ngt bortom den direkta kostnaden f\u00f6r sjukl\u00f6n.<\/p>\n\n\n\n<p class=\"wp-block-paragraph\"><strong>Den ekonomiska risken <\/strong>domineras av indirekta kostnader: produktionsbortfall, st\u00f6rningar i arbetsgrupper, akuta behov av ers\u00e4ttare och framf\u00f6r allt presenteeism. Flera studier tyder p\u00e5 att medarbetare som arbetar med nedsatt arbetsf\u00f6rm\u00e5ga p\u00e5 grund av sjukdom kostar organisationer mer totalt sett \u00e4n sj\u00e4lva sjukfr\u00e5nvaron.<\/p>\n\n\n\n<p class=\"wp-block-paragraph\">I Finland uppskattas sjukfr\u00e5nvaro kosta omkring fem miljarder euro per \u00e5r. Varje \u00e5r g\u00e5r cirka 25 miljoner arbetsdagar f\u00f6rlorade p\u00e5 grund av sjukfr\u00e5nvaro, vilket motsvarar ett produktionsbortfall p\u00e5 ungef\u00e4r fem miljarder euro.<\/p>\n\n\n\n<p class=\"wp-block-paragraph\"><a href=\"https:\/\/www.tela.fi\/2026\/06\/11\/sairauspoissaolot-maksavat-suomelle-viisi-miljardia-vuodessa-poissaolojen-ehkaisy-on-kovaa-talouspolitiikkaa\/\" target=\"_blank\" rel=\"noreferrer noopener\">Sjukfr\u00e5nvaro inneb\u00e4r ekonomiska f\u00f6rluster f\u00f6r individer, f\u00f6retag och samh\u00e4llsekonomin som helhet. Enligt en f\u00e4rsk studie kan en enda sjukfr\u00e5nvarodag motsvara ett bortfall av arbetsinsats v\u00e4rt mellan 257 och 420 euro.<\/a><\/p>\n\n\n\n<p class=\"wp-block-paragraph\"><strong>Den juridiska och regulatoriska risken<\/strong> uppst\u00e5r eftersom arbetsgivare i de flesta l\u00e4nder har ett ansvar att identifiera och hantera b\u00e5de fysiska och psykosociala arbetsmilj\u00f6risker. Om fr\u00e5nvarodata visar ett m\u00f6nster som en rimlig arbetsgivare borde ha unders\u00f6kt \u2013 exempelvis ett arbetslag med ih\u00e5llande stressrelaterad sjukfr\u00e5nvaro \u2013 kan passivitet f\u00e5 betydelse vid diskriminerings\u00e4renden, arbetsskadetvister eller myndighetsinspektioner. I Finland \u00e4r detta direkt inbyggt i systemet: arbetsgivare \u00e4r skyldiga att ordna f\u00f6retagsh\u00e4lsov\u00e5rd som omfattar uppf\u00f6ljning av arbetsf\u00f6rm\u00e5ga och st\u00f6d f\u00f6r tidiga insatser, vilket g\u00f6r sjukfr\u00e5nvarodata till en del av det lagstadgade arbetsmilj\u00f6arbetet snarare \u00e4n en intern HR-statistik.<\/p>\n\n\n\n<p class=\"wp-block-paragraph\"><strong>\u00c4ven risken f\u00f6r personaloms\u00e4ttning \u00e4r betydande. <\/strong>H\u00f6ga fr\u00e5nvarotal f\u00f6reg\u00e5r ofta upps\u00e4gningar, vilket f\u00f6rst\u00e4rker kostnaderna f\u00f6r att rekrytera och utbilda nya medarbetare.<\/p>\n\n\n\n<p class=\"wp-block-paragraph\"><strong>Slutligen finns en risk<\/strong> f\u00f6r organisationens anseende. I takt med att psykisk h\u00e4lsa p\u00e5 arbetsplatsen f\u00e5r allt st\u00f6rre uppm\u00e4rksamhet kan organisationer som f\u00f6rknippas med h\u00f6g sjukfr\u00e5nvaro eller en kultur av presenteeism f\u00e5 sv\u00e5rare att rekrytera och beh\u00e5lla kompetenta medarbetare.<\/p>\n\n\n\n<p class=\"wp-block-paragraph\"><a href=\"https:\/\/www.tva.fi\/sv\/hur-foretagshalsovarden-foljer-upp-sjukfranvaro-i-finland\/\">I den andra delen av den h\u00e4r serien<\/a> tittar vi n\u00e4rmare p\u00e5 hur f\u00f6retagsh\u00e4lsov\u00e5rden i Finland aktivt f\u00f6ljer sjukfr\u00e5nvarom\u00f6nster \u2013 och vad som h\u00e4nder n\u00e4r den uppt\u00e4cker n\u00e5got som b\u00f6r unders\u00f6kas n\u00e4rmare.<\/p>\n\n\n<p>","protected":false},"excerpt":{"rendered":"<p>Most organizations track sick leave the way they track office supplies: a number that goes up or down, gets reported to someone in a spreadsheet, and occasionally triggers a policy reminder when it climbs too high. But sick leave data, read correctly, is one of the richest behavioral signals an organization has about the health of its workplace. Read incorrectly, it becomes a metric that gets &#8220;managed&#8221; into invisibility while the underlying problems quietly get worse.<\/p>","protected":false},"author":5,"featured_media":2370,"comment_status":"closed","ping_status":"closed","sticky":false,"template":"","format":"standard","meta":{"_acf_changed":false,"footnotes":""},"categories":[180,42,48,176,18],"tags":[23],"class_list":["post-2369","post","type-post","status-publish","format-standard","has-post-thumbnail","hentry","category-mental-health","category-occupational-safety","category-practical-information-about-working-in-finland","category-risk-management","category-safety-and-health","tag-occupational-safety"],"acf":[],"_links":{"self":[{"href":"https:\/\/tva.fi\/sv\/wp-json\/wp\/v2\/posts\/2369","targetHints":{"allow":["GET"]}}],"collection":[{"href":"https:\/\/tva.fi\/sv\/wp-json\/wp\/v2\/posts"}],"about":[{"href":"https:\/\/tva.fi\/sv\/wp-json\/wp\/v2\/types\/post"}],"author":[{"embeddable":true,"href":"https:\/\/tva.fi\/sv\/wp-json\/wp\/v2\/users\/5"}],"replies":[{"embeddable":true,"href":"https:\/\/tva.fi\/sv\/wp-json\/wp\/v2\/comments?post=2369"}],"version-history":[{"count":21,"href":"https:\/\/tva.fi\/sv\/wp-json\/wp\/v2\/posts\/2369\/revisions"}],"predecessor-version":[{"id":2473,"href":"https:\/\/tva.fi\/sv\/wp-json\/wp\/v2\/posts\/2369\/revisions\/2473"}],"wp:featuredmedia":[{"embeddable":true,"href":"https:\/\/tva.fi\/sv\/wp-json\/wp\/v2\/media\/2370"}],"wp:attachment":[{"href":"https:\/\/tva.fi\/sv\/wp-json\/wp\/v2\/media?parent=2369"}],"wp:term":[{"taxonomy":"category","embeddable":true,"href":"https:\/\/tva.fi\/sv\/wp-json\/wp\/v2\/categories?post=2369"},{"taxonomy":"post_tag","embeddable":true,"href":"https:\/\/tva.fi\/sv\/wp-json\/wp\/v2\/tags?post=2369"}],"curies":[{"name":"wp","href":"https:\/\/api.w.org\/{rel}","templated":true}]}}