{"id":2333,"date":"2026-04-28T10:28:14","date_gmt":"2026-04-28T08:28:14","guid":{"rendered":"https:\/\/www.tva.fi\/?p=2333"},"modified":"2026-04-28T11:19:00","modified_gmt":"2026-04-28T09:19:00","slug":"nyhet-artificial-intelligence-literacy-training-ai-grunder","status":"publish","type":"post","link":"https:\/\/tva.fi\/sv\/new-artificial-intelligence-literacy-training\/","title":{"rendered":"NYHET! Artificial Intelligence Literacy \u2013Training AI-grunder"},"content":{"rendered":"<\/p>\n\n\n\n<p class=\"wp-block-paragraph\">Under de senaste veckorna har vi arbetat intensivt med flera projekt \u2013 och jag \u00e4r verkligen glad att kunna dela att ett av dem nu \u00e4ntligen \u00e4r lanserat.<\/p>\n\n\n\n<p class=\"wp-block-paragraph\">Vi har precis publicerat en ny eLearning-kurs: <strong>AI Literacy Training<\/strong>.<\/p>\n\n\n\n<p class=\"wp-block-paragraph\">Det h\u00e4r projektet inspirerades delvis av Europeiska unionens nya regelverk, allm\u00e4nt k\u00e4nt som AI Act, som publicerades i juli 2024. Regelverket tr\u00e4der i kraft stegvis, och viktiga delar b\u00f6rjar g\u00e4lla fr\u00e5n juni 2026. Det inneb\u00e4r ocks\u00e5 ett nytt och viktigt krav: organisationer som arbetar med AI-system f\u00f6rv\u00e4ntas s\u00e4kerst\u00e4lla en tillr\u00e4cklig niv\u00e5 av \u201cAI-kompetens\u201d hos sin personal och andra personer som anv\u00e4nder dessa system.<\/p>\n\n\n\n<p class=\"wp-block-paragraph\"><a href=\"https:\/\/eur-lex.europa.eu\/legal-content\/SV\/TXT\/?uri=CELEX:32024R1689\" target=\"_blank\" rel=\"noreferrer noopener\">Som det st\u00e5r i regelverket:<\/a><\/p>\n\n\n\n<blockquote class=\"wp-block-quote is-layout-flow wp-block-quote-is-layout-flow\">\n<p class=\"wp-block-paragraph\"><em>&#8220;Leverant\u00f6rer och tillhandah\u00e5llare av AI-system ska vidta \u00e5tg\u00e4rder f\u00f6r att i st\u00f6rsta m\u00f6jliga m\u00e5n s\u00e4kerst\u00e4lla att deras personal och andra personer som f\u00f6r deras r\u00e4kning arbetar med drift och anv\u00e4ndning av AI-system har tillr\u00e4cklig AI-kunnighet&#8221;<br><\/em><\/p>\n<\/blockquote>\n\n\n\n<p class=\"wp-block-paragraph\">Just denna id\u00e9 \u2013 AI-kompetens som en praktisk och n\u00f6dv\u00e4ndig f\u00e4rdighet \u2013 var det som motiverade oss att skapa kursen.<\/p>\n\n\n\n<p class=\"wp-block-paragraph\">Vi utformade den fr\u00e4mst f\u00f6r personer som arbetar med stora spr\u00e5kmodeller och andra AI-verktyg i sitt dagliga arbete. Men den \u00e4r inte bara f\u00f6r yrkesverksamma. Oavsett om du redan anv\u00e4nder AI eller precis har b\u00f6rjat utforska omr\u00e5det, \u00e4r m\u00e5let att hj\u00e4lpa dig f\u00f6rst\u00e5 vad som faktiskt h\u00e4nder \u201cbakom kulisserna\u201d och att bygga sj\u00e4lvf\u00f6rtroende i att anv\u00e4nda dessa verktyg p\u00e5 ett ansvarsfullt, tryggt och effektivt s\u00e4tt.<\/p>\n\n\n\n<p class=\"wp-block-paragraph\">Kursen fokuserar p\u00e5 n\u00e5gra centrala omr\u00e5den:<\/p>\n\n\n\n<ul class=\"wp-block-list\">\n<li>att f\u00f6rst\u00e5 hur AI-system fungerar (utan on\u00f6dig komplexitet)<\/li>\n\n\n\n<li>att l\u00e4ra sig anv\u00e4nda AI-verktyg p\u00e5 ett praktiskt och effektivt s\u00e4tt<\/li>\n\n\n\n<li>att utveckla f\u00f6rm\u00e5gan att kritiskt utv\u00e4rdera AI-genererat inneh\u00e5ll<\/li>\n\n\n\n<li>samt att \u00f6ka medvetenheten om etiska, juridiska och s\u00e4kerhetsrelaterade aspekter<\/li>\n<\/ul>\n\n\n\n<p class=\"wp-block-paragraph\">Kort sagt handlar det om att g\u00e5 fr\u00e5n att bara \u201canv\u00e4nda AI\u201d till att faktiskt f\u00f6rst\u00e5 och navigera det medvetet.<\/p>\n\n\n\n<p class=\"wp-block-paragraph\">Om det h\u00e4r l\u00e5ter relevant f\u00f6r dig kan du ta en titt p\u00e5 kursen h\u00e4r:<br>\ud83d\udc49 <a href=\"https:\/\/tva.fi\/lms30\/product\/artificial-intelligence-literacy-training\/\" target=\"_blank\" rel=\"noreferrer noopener\">Genomf\u00f6r TVA&#8217;s AI Literacy Training webbkurs<\/a><\/p>\n\n\n\n<p class=\"wp-block-paragraph\">Som alltid tar jag g\u00e4rna emot dina tankar eller din feedback om du v\u00e4ljer att g\u00e5 kursen.<\/p>\n\n\n<p>","protected":false},"excerpt":{"rendered":"<p>Over the past few weeks, we\u2019ve been working intensively on several projects\u2014and I\u2019m really happy to finally share that one of them has just gone live.<br \/>\nWe\u2019ve just published a new eLearning course: AI Literacy Training.<\/p>","protected":false},"author":5,"featured_media":2346,"comment_status":"closed","ping_status":"closed","sticky":false,"template":"","format":"standard","meta":{"_acf_changed":false,"footnotes":""},"categories":[185],"tags":[188,187],"class_list":["post-2333","post","type-post","status-publish","format-standard","has-post-thumbnail","hentry","category-digital-safety","tag-ai-act","tag-digital-safety"],"acf":[],"_links":{"self":[{"href":"https:\/\/tva.fi\/sv\/wp-json\/wp\/v2\/posts\/2333","targetHints":{"allow":["GET"]}}],"collection":[{"href":"https:\/\/tva.fi\/sv\/wp-json\/wp\/v2\/posts"}],"about":[{"href":"https:\/\/tva.fi\/sv\/wp-json\/wp\/v2\/types\/post"}],"author":[{"embeddable":true,"href":"https:\/\/tva.fi\/sv\/wp-json\/wp\/v2\/users\/5"}],"replies":[{"embeddable":true,"href":"https:\/\/tva.fi\/sv\/wp-json\/wp\/v2\/comments?post=2333"}],"version-history":[{"count":12,"href":"https:\/\/tva.fi\/sv\/wp-json\/wp\/v2\/posts\/2333\/revisions"}],"predecessor-version":[{"id":2354,"href":"https:\/\/tva.fi\/sv\/wp-json\/wp\/v2\/posts\/2333\/revisions\/2354"}],"wp:featuredmedia":[{"embeddable":true,"href":"https:\/\/tva.fi\/sv\/wp-json\/wp\/v2\/media\/2346"}],"wp:attachment":[{"href":"https:\/\/tva.fi\/sv\/wp-json\/wp\/v2\/media?parent=2333"}],"wp:term":[{"taxonomy":"category","embeddable":true,"href":"https:\/\/tva.fi\/sv\/wp-json\/wp\/v2\/categories?post=2333"},{"taxonomy":"post_tag","embeddable":true,"href":"https:\/\/tva.fi\/sv\/wp-json\/wp\/v2\/tags?post=2333"}],"curies":[{"name":"wp","href":"https:\/\/api.w.org\/{rel}","templated":true}]}}