{"id":1824,"date":"2025-12-12T15:36:34","date_gmt":"2025-12-12T13:36:34","guid":{"rendered":"https:\/\/www.tva.fi\/?p=1824"},"modified":"2026-02-04T12:39:50","modified_gmt":"2026-02-04T10:39:50","slug":"utbrandhet-hur-du-kanner-igen-tidiga-varningssignaler-och-starker-ditt-valbefinnande-pa-jobbet","status":"publish","type":"post","link":"https:\/\/tva.fi\/sv\/burnout-how-to-recognize-the-early-signs-and-strengthen-your-well-being-at-work\/","title":{"rendered":"Utbr\u00e4ndhet \u2013 hur du k\u00e4nner igen tidiga varningssignaler och st\u00e4rker ditt v\u00e4lbefinnande p\u00e5 jobbet"},"content":{"rendered":"<\/p>\n\n\n\n<p class=\"wp-block-paragraph\">Utbr\u00e4ndhet \u00e4r ett syndrom som orsakas av l\u00e5ngvarig stress. Dess fyra centrala komponenter \u00e4r kronisk tr\u00f6tthet, mental distansering fr\u00e5n arbetet, nedsatt kognitiv kontroll samt sv\u00e5righeter att reglera k\u00e4nslor. I v\u00e4rsta fall kan utbr\u00e4ndhet leda till l\u00e5ngvarig sjukskrivning och en l\u00e5ngsam \u00e5terh\u00e4mtning. D\u00e4rf\u00f6r \u00e4r tidig uppt\u00e4ckt avg\u00f6rande \u2013 den m\u00f6jligg\u00f6r \u00e5terh\u00e4mtning i tid och hj\u00e4lper till att f\u00f6rebygga l\u00e5ngvarig fr\u00e5nvaro fr\u00e5n arbetet.<\/p>\n\n\n\n<h2 class=\"wp-block-heading\">Vilka \u00e4r de tidiga tecknen p\u00e5 utbr\u00e4ndhet?<\/h2>\n\n\n\n<p class=\"wp-block-paragraph\"><strong>Tr\u00f6tthet som inte f\u00f6rb\u00e4ttras av vila:<\/strong><br>Att vakna och k\u00e4nna sig som om man inte har sovit alls; att k\u00e4nna sig utmattad \u00e4ven efter helger eller semestrar.<\/p>\n\n\n\n<p class=\"wp-block-paragraph\"><strong>Sv\u00e5righeter att koncentrera sig och minnas:<\/strong><br>\u00c4ven sm\u00e5 uppgifter k\u00e4nns \u00f6verv\u00e4ldigande; antalet misstag och gl\u00f6mska \u00f6kar.<\/p>\n\n\n\n<p class=\"wp-block-paragraph\"><strong>Emotionell utmattning:<\/strong><br>Likgiltighet inf\u00f6r arbetsuppgifter, cynism eller st\u00e4ndig irritabilitet.<\/p>\n\n\n\n<p class=\"wp-block-paragraph\"><strong>Minskad motivation och sj\u00e4lvk\u00e4nsla:<\/strong><br>Saker som tidigare k\u00e4ndes meningsfulla f\u00f6rlorar sin betydelse; sj\u00e4lvf\u00f6rtroendet minskar.<\/p>\n\n\n\n<p class=\"wp-block-paragraph\"><strong>F\u00f6r\u00e4ndringar i s\u00f6mn och aptit, fysiska symtom:<\/strong><br>S\u00f6mnproblem, magbesv\u00e4r, huvudv\u00e4rk, muskelsp\u00e4nningar, hj\u00e4rtklappning, \u00e5terkommande infektioner eller \u00f6kade sjukdagar.<\/p>\n\n\n\n<p class=\"wp-block-paragraph\"><strong>Utmaningar i relationer p\u00e5 arbetet:<\/strong><br>Fler konflikter, sv\u00e5righeter att ta emot feedback eller att dra sig undan fr\u00e5n teamet.<\/p>\n\n\n\n<p class=\"wp-block-paragraph\"><strong>F\u00f6rlust av intresse f\u00f6r livet utanf\u00f6r arbetet:<\/strong><br>Du kan ta dig igenom arbetsdagen, men efter\u00e5t har du lite eller ingen energi kvar f\u00f6r personliga aktiviteter.<\/p>\n\n\n\n<h3 class=\"wp-block-heading\">FAKTA:<\/h3>\n\n\n\n<blockquote class=\"wp-block-quote is-layout-flow wp-block-quote-is-layout-flow\">\n<p class=\"wp-block-paragraph\">I Finland upplever 17 % av de anst\u00e4llda ganska frekventa eller allvarliga stressymtom.<\/p>\n<\/blockquote>\n\n\n\n<p class=\"wp-block-paragraph\"><em>K\u00e4lla: <a href=\"https:\/\/www.ttl.fi\/teemat\/tyohyvinvointi-ja-tyokyky\/stressi-ja-tyouupumus\" target=\"_blank\" rel=\"noreferrer noopener\">www.ttl.fi<\/a><\/em><\/p>\n\n\n\n<hr class=\"wp-block-separator has-alpha-channel-opacity\"\/>\n\n\n\n<h2 class=\"wp-block-heading\">Snabba \u00e5tg\u00e4rder du kan vidta direkt<\/h2>\n\n\n\n<h3 class=\"wp-block-heading\">G\u00f6r sm\u00e5 justeringar i ditt arbete<\/h3>\n\n\n\n<p class=\"wp-block-paragraph\">Fundera p\u00e5 sm\u00e5 f\u00f6rb\u00e4ttringar du kan genomf\u00f6ra. Vilka energigivande faktorer kan du l\u00e4gga till i din arbetsdag f\u00f6r att skydda dig mot utbr\u00e4ndhet? Prova alternativa s\u00e4tt att utf\u00f6ra arbetsuppgifter.<\/p>\n\n\n\n<h3 class=\"wp-block-heading\">Prioritera och s\u00e4tt gr\u00e4nser<\/h3>\n\n\n\n<p class=\"wp-block-paragraph\">Skapa en lista \u00f6ver det som beh\u00f6ver g\u00f6ras och dela in den i tre kategorier:<\/p>\n\n\n\n<ul class=\"wp-block-list\">\n<li><strong>Viktigt och br\u00e5dskande<\/strong> (G\u00f6r idag eller diskutera delegering med din chef.)<\/li>\n\n\n\n<li><strong>Viktigt men inte br\u00e5dskande<\/strong> (Planera senare eller delegera.)<\/li>\n\n\n\n<li><strong>Varken viktigt eller br\u00e5dskande<\/strong> (Eliminera dessa uppgifter.)<\/li>\n<\/ul>\n\n\n\n<h3 class=\"wp-block-heading\">Separera arbete och fritid<\/h3>\n\n\n\n<p class=\"wp-block-paragraph\">Best\u00e4m en tydlig tidpunkt efter vilken du inte l\u00e4ngre svarar p\u00e5 arbetsmeddelanden \u2013 \u00e4ven vid distansarbete. Och h\u00e5ll dig till den.<\/p>\n\n\n\n<h3 class=\"wp-block-heading\">Planera korta \u00e5terh\u00e4mtningspauser<\/h3>\n\n\n\n<p class=\"wp-block-paragraph\">Ta en paus p\u00e5 5\u201310 minuter varannan timme. Anv\u00e4nd tiden till l\u00e4tt r\u00f6relse, stretching, promenad eller andnings\u00f6vningar. G\u00e5 helst ut p\u00e5 en kort promenad tv\u00e5 g\u00e5nger om dagen \u2013 s\u00e4rskilt under de m\u00f6rkare m\u00e5naderna d\u00e5 dagsljus st\u00e4rker v\u00e4lbefinnandet.<\/p>\n\n\n\n<h3 class=\"wp-block-heading\">Prata med din chef hellre f\u00f6rr \u00e4n senare<\/h3>\n\n\n\n<p class=\"wp-block-paragraph\">F\u00f6rklara vad som orsakar belastning och f\u00f6resl\u00e5 m\u00f6jliga l\u00f6sningar. Din chef har ansvar f\u00f6r att st\u00f6dja ditt v\u00e4lbefinnande p\u00e5 arbetsplatsen.<\/p>\n\n\n\n<h3 class=\"wp-block-heading\">S\u00f6k st\u00f6d \u00e4ven p\u00e5 andra h\u00e5ll<\/h3>\n\n\n\n<p class=\"wp-block-paragraph\">Prata med en betrodd kollega eller v\u00e4n. Vid behov, boka tid hos f\u00f6retagsh\u00e4lsov\u00e5rden. Dela erfarenheter och strategier f\u00f6r att hantera situationen med andra.<\/p>\n\n\n\n<h3 class=\"wp-block-heading\">Minska on\u00f6diga distraktioner under arbetsdagen<\/h3>\n\n\n\n<p class=\"wp-block-paragraph\">St\u00e4ng av notiser, st\u00e4ng on\u00f6diga flikar och begr\u00e4nsa m\u00f6ten. Informera ditt team n\u00e4r du beh\u00f6ver ost\u00f6rd fokustid. S\u00e4tt g\u00e4rna gemensamma signaler eller riktlinjer f\u00f6r koncentrationstid.<\/p>\n\n\n\n<h3 class=\"wp-block-heading\">Lev ett fullt liv<\/h3>\n\n\n\n<p class=\"wp-block-paragraph\">Kom ih\u00e5g att arbetet bara \u00e4r en del av livet. S\u00f6k \u00e5terh\u00e4mtning och energi i aktiviteter utanf\u00f6r arbetet. Uppr\u00e4tth\u00e5ll sociala relationer, motionera, \u00e4t n\u00e4ringsrik mat och prioritera s\u00f6mn.<\/p>\n\n\n\n<p class=\"wp-block-paragraph\">Utv\u00e4rdera regelbundet din livssituation och ditt v\u00e4lbefinnande.<br>Stanna upp och fr\u00e5ga dig sj\u00e4lv hur du m\u00e5r \u2013 var \u00e4rlig och agera d\u00e4r det beh\u00f6vs. Lyssna p\u00e5 dina n\u00e4rst\u00e5ende om de uttrycker oro f\u00f6r hur du klarar dig.<\/p>\n\n\n\n<h3 class=\"wp-block-heading\">FAKTA:<\/h3>\n\n\n\n<blockquote class=\"wp-block-quote is-layout-flow wp-block-quote-is-layout-flow\">\n<p class=\"wp-block-paragraph\">Levnadsvanor p\u00e5verkar inte bara v\u00e5rt fysiska utan \u00e4ven v\u00e5rt psykiska v\u00e4lbefinnande. H\u00e4lsosamma vanor st\u00f6djer stresshantering i utmanande livssituationer.<\/p>\n<\/blockquote>\n\n\n\n<p class=\"wp-block-paragraph\"><em>K\u00e4lla: <a href=\"https:\/\/thl.fi\/aiheet\/mielenterveys\/mielenterveyshairiot\/elintavat-ja-mielenterveyshairiot\" target=\"_blank\" rel=\"noreferrer noopener\">thl.fi<\/a><\/em><\/p>\n\n\n\n<hr class=\"wp-block-separator has-alpha-channel-opacity\"\/>\n\n\n\n<h2 class=\"wp-block-heading\">Egenv\u00e5rd och vardagliga f\u00f6r\u00e4ndringar som fr\u00e4mjar l\u00e5ngsiktig \u00e5terh\u00e4mtning<\/h2>\n\n\n\n<ul class=\"wp-block-list\">\n<li><strong>S\u00f6mn:<\/strong> H\u00e5ll regelbundna sovtider, ta bort mobilen fr\u00e5n sovrummet och varva ner f\u00f6re l\u00e4ggdags.<\/li>\n\n\n\n<li><strong>Motion:<\/strong> R\u00f6r p\u00e5 dig regelbundet 3\u20134 g\u00e5nger i veckan f\u00f6r att f\u00f6rb\u00e4ttra s\u00f6mnkvalitet och hum\u00f6r.<\/li>\n\n\n\n<li><strong>Kost och v\u00e4tska:<\/strong> Regelbundna m\u00e5ltider och tillr\u00e4ckligt v\u00e4tskeintag hj\u00e4lper till att stabilisera energiniv\u00e5erna.<\/li>\n\n\n\n<li><strong>Gr\u00e4nser:<\/strong> L\u00e4r dig att s\u00e4ga nej och f\u00f6rst\u00e5 att uppskjutna deadlines inte definierar ditt v\u00e4rde. Du har r\u00e4tt till fritid och gl\u00e4dje.<\/li>\n\n\n\n<li><strong>Mental omsorg:<\/strong> Korta andnings\u00f6vningar, mindfulness eller avslappningsprogram st\u00f6djer k\u00e4nsloreglering.<\/li>\n\n\n\n<li><strong>Professionell hj\u00e4lp:<\/strong> En psykolog eller terapeut inom f\u00f6retagsh\u00e4lsov\u00e5rden kan ge verktyg och st\u00f6d f\u00f6r praktiska f\u00f6r\u00e4ndringar.<\/li>\n<\/ul>\n\n\n\n<hr class=\"wp-block-separator has-alpha-channel-opacity\"\/>\n\n\n\n<h2 class=\"wp-block-heading\">N\u00e4r ska du s\u00f6ka hj\u00e4lp \u2013 stanna inte ensam<\/h2>\n\n\n\n<p class=\"wp-block-paragraph\">Ibland f\u00f6rv\u00e4rras symtomen innan vi hinner ta itu med dem. I s\u00e5dana fall \u00e4r det viktigt att s\u00f6ka hj\u00e4lp.<\/p>\n\n\n\n<p class=\"wp-block-paragraph\">Om symtomen p\u00e5verkar din vardag under flera veckor, f\u00f6rv\u00e4rras, eller om du upplever tecken p\u00e5 depression, sj\u00e4lvmordstankar eller kraftigt bruk av rusmedel, \u00e4r det dags att sl\u00e4ppa tanken p\u00e5 att klara allt sj\u00e4lv och ta kontakt f\u00f6r st\u00f6d. Du b\u00f6r ocks\u00e5 s\u00f6ka hj\u00e4lp om du har \u00e5terkommande sjukskrivningar eller har sv\u00e5rt att klara n\u00f6dv\u00e4ndiga uppgifter.<\/p>\n\n\n\n<p class=\"wp-block-paragraph\">Kontakta f\u00f6retagsh\u00e4lsov\u00e5rden eller h\u00e4lso- och sjukv\u00e5rden. R\u00e4tt typ av st\u00f6d kan stoppa en f\u00f6rs\u00e4mring av symtomen och hj\u00e4lpa dig att rikta din energi mot \u00e5terh\u00e4mtning.<\/p>\n\n\n\n<hr class=\"wp-block-separator has-alpha-channel-opacity\"\/>\n\n\n\n<h2 class=\"wp-block-heading\">Sammanfattning: Tidig uppt\u00e4ckt och snabba \u00e5tg\u00e4rder kan f\u00f6r\u00e4ndra utvecklingen<\/h2>\n\n\n\n<p class=\"wp-block-paragraph\">Agera s\u00e5 snart du m\u00e4rker de tecken som beskrivs ovan: prioritera, kommunicera tydligt och s\u00f6k professionellt st\u00f6d vid behov. Tidiga insatser skyddar b\u00e5de din h\u00e4lsa och din karri\u00e4r.<\/p>\n\n\n\n<p class=\"wp-block-paragraph\">Du kan l\u00e4sa v\u00e5rt tidigare blogginl\u00e4gg om psykisk h\u00e4lsa och arbetsmilj\u00f6s\u00e4kerhet h\u00e4r.<\/p>\n\n\n\n<p class=\"wp-block-paragraph\">V\u00e5r e-learningmodul <strong>TVAs utbildning i arbetss\u00e4kerhet<\/strong> inneh\u00e5ller lektioner om psykisk h\u00e4lsa p\u00e5 arbetsplatsen. Klicka h\u00e4r f\u00f6r att anm\u00e4la dig till v\u00e5ra e-learningkurser.<\/p>\n\n\n<p>","protected":false},"excerpt":{"rendered":"<p>Burnout is a syndrome caused by prolonged stress. Its four key components are chronic fatigue, mental distancing from work, impaired cognitive control, and difficulties in regulating emotions. In the worst-case scenario, burnout can lead to a long sick leave and a slow recovery. This is why early recognition is essential\u2014it enables timely recovery and helps prevent prolonged absence from work.<\/p>","protected":false},"author":7,"featured_media":1858,"comment_status":"closed","ping_status":"closed","sticky":false,"template":"","format":"standard","meta":{"_acf_changed":false,"footnotes":""},"categories":[180,42,18],"tags":[41,181,23,27],"class_list":["post-1824","post","type-post","status-publish","format-standard","has-post-thumbnail","hentry","category-mental-health","category-occupational-safety","category-safety-and-health","tag-elearning","tag-mental-health","tag-occupational-safety","tag-safety-training"],"acf":[],"_links":{"self":[{"href":"https:\/\/tva.fi\/sv\/wp-json\/wp\/v2\/posts\/1824","targetHints":{"allow":["GET"]}}],"collection":[{"href":"https:\/\/tva.fi\/sv\/wp-json\/wp\/v2\/posts"}],"about":[{"href":"https:\/\/tva.fi\/sv\/wp-json\/wp\/v2\/types\/post"}],"author":[{"embeddable":true,"href":"https:\/\/tva.fi\/sv\/wp-json\/wp\/v2\/users\/7"}],"replies":[{"embeddable":true,"href":"https:\/\/tva.fi\/sv\/wp-json\/wp\/v2\/comments?post=1824"}],"version-history":[{"count":50,"href":"https:\/\/tva.fi\/sv\/wp-json\/wp\/v2\/posts\/1824\/revisions"}],"predecessor-version":[{"id":2136,"href":"https:\/\/tva.fi\/sv\/wp-json\/wp\/v2\/posts\/1824\/revisions\/2136"}],"wp:featuredmedia":[{"embeddable":true,"href":"https:\/\/tva.fi\/sv\/wp-json\/wp\/v2\/media\/1858"}],"wp:attachment":[{"href":"https:\/\/tva.fi\/sv\/wp-json\/wp\/v2\/media?parent=1824"}],"wp:term":[{"taxonomy":"category","embeddable":true,"href":"https:\/\/tva.fi\/sv\/wp-json\/wp\/v2\/categories?post=1824"},{"taxonomy":"post_tag","embeddable":true,"href":"https:\/\/tva.fi\/sv\/wp-json\/wp\/v2\/tags?post=1824"}],"curies":[{"name":"wp","href":"https:\/\/api.w.org\/{rel}","templated":true}]}}