{"id":1800,"date":"2025-12-05T18:03:36","date_gmt":"2025-12-05T16:03:36","guid":{"rendered":"https:\/\/www.tva.fi\/?p=1800"},"modified":"2026-02-04T12:38:59","modified_gmt":"2026-02-04T10:38:59","slug":"psykisk-halsa-och-arbetssakerhet","status":"publish","type":"post","link":"https:\/\/tva.fi\/sv\/mental-health-and-workplace-safety\/","title":{"rendered":"Psykisk h\u00e4lsa och arbetss\u00e4kerhet"},"content":{"rendered":"<\/p>\n\n\n\n<p class=\"wp-block-paragraph\">Under de senaste \u00e5ren har psykisk h\u00e4lsa blivit ett allt viktigare \u00e4mne i arbetslivet. Stress, tidspress, h\u00f6ga krav och bristande balans mellan arbete och privatliv h\u00f6r i dag till de st\u00f6rsta riskfaktorerna f\u00f6r arbetstagare. Traditionellt har arbetss\u00e4kerhet fr\u00e4mst f\u00f6rknippats med skydd mot fysiska risker \u2013 fall, mekaniska skador eller kemisk exponering. Modern arbetsmilj\u00f6- och arbetss\u00e4kerhetspraxis (OHS) betonar dock \u00e4ven det psykiska v\u00e4lbefinnandet. Den psykiska h\u00e4lsan avg\u00f6r i stor utstr\u00e4ckning om en arbetstagare kan arbeta s\u00e4kert, effektivt och ansvarsfullt. Visste du att den vanligaste orsaken till f\u00f6rtida pensionering i Finland \u00e4r psykisk oh\u00e4lsa?<\/p>\n\n\n\n<p class=\"wp-block-paragraph\">K\u00e4lla: <a href=\"https:\/\/www.etk.fi\/en\/research-statistics-and-projections\/research\/findings-from-our-research\/disability-pensions-and-work-ability\/\" data-type=\"link\" data-id=\"https:\/\/www.etk.fi\/en\/research-statistics-and-projections\/research\/findings-from-our-research\/disability-pensions-and-work-ability\/\" target=\"_blank\" rel=\"noreferrer noopener\">Sjukpensioner och arbetsf\u00f6rm\u00e5ga \u2013 Pensionsskyddscentralen<\/a><\/p>\n\n\n\n<p class=\"wp-block-paragraph\"><\/p>\n\n\n\n<h2 class=\"wp-block-heading\">Vad betyder psykisk h\u00e4lsa egentligen?<\/h2>\n\n\n\n<p class=\"wp-block-paragraph\"><a href=\"https:\/\/www.who.int\/news-room\/fact-sheets\/detail\/mental-health-strengthening-our-response\" target=\"_blank\" rel=\"noreferrer noopener\">Enligt V\u00e4rldsh\u00e4lsoorganisationen (WHO)<\/a> \u00e4r psykisk h\u00e4lsa ett tillst\u00e5nd av v\u00e4lbefinnande d\u00e4r individen kan f\u00f6rverkliga sin potential, hantera livets normala p\u00e5frestningar, arbeta produktivt och bidra till sitt samh\u00e4lle.<\/p>\n\n\n\n<p class=\"wp-block-paragraph\">I praktiken inneb\u00e4r detta emotionell stabilitet, f\u00f6rm\u00e5ga att fatta rationella beslut och att uppr\u00e4tth\u00e5lla sunda relationer med andra. N\u00e4r denna balans rubbas \u00f6kar risken f\u00f6r misstag, olyckor och farliga situationer p\u00e5 arbetsplatsen avsev\u00e4rt. Kronisk stress, utbr\u00e4ndhet, depression eller \u00e5ngest kan f\u00f6rs\u00e4mra koncentrationen, f\u00f6rl\u00e5ngsamma reaktionsf\u00f6rm\u00e5gan och \u00f6ka ben\u00e4genheten f\u00f6r fel. Olyckor intr\u00e4ffar ofta n\u00e4r man inte har fullt fokus p\u00e5 arbetsuppgiften.<\/p>\n\n\n\n<h2 class=\"wp-block-heading\">Sambandet mellan psykisk h\u00e4lsa och arbetss\u00e4kerhet<\/h2>\n\n\n\n<h3 class=\"wp-block-heading\">Fokus och uppm\u00e4rksamhet<\/h3>\n\n\n\n<p class=\"wp-block-paragraph\">M\u00e5nga yrken kr\u00e4ver st\u00e4ndig vaksamhet \u2013 f\u00f6rare, maskinoperat\u00f6rer, byggnadsarbetare eller v\u00e5rdpersonal m\u00e5ste kunna reagera snabbt och korrekt. Stress och tr\u00f6tthet leder till distraktion, vilket kraftigt \u00f6kar olycksrisken.<\/p>\n\n\n\n<h3 class=\"wp-block-heading\">Beslutsfattande<\/h3>\n\n\n\n<p class=\"wp-block-paragraph\">En mentalt stabil person fattar beslut baserade p\u00e5 kunskap och erfarenhet. \u00c5ngest, press eller nedst\u00e4mdhet kan leda till impulsiva handlingar eller beslutsf\u00f6rlamning.<\/p>\n\n\n\n<h3 class=\"wp-block-heading\">Relationer i teamet<\/h3>\n\n\n\n<p class=\"wp-block-paragraph\">Den psykiska h\u00e4lsan p\u00e5verkar ocks\u00e5 st\u00e4mningen p\u00e5 arbetsplatsen. Konflikter, sp\u00e4nningar eller bristande kommunikation kan skapa os\u00e4kra situationer \u2013 till exempel n\u00e4r kollegor inte varnar varandra f\u00f6r risker.<\/p>\n\n\n\n<h3 class=\"wp-block-heading\">Stressresiliens<\/h3>\n\n\n\n<p class=\"wp-block-paragraph\">I kr\u00e4vande f\u00f6rh\u00e5llanden \u2013 skiftarbete, \u00f6vertid eller krissituationer \u2013 hanterar medarbetare som v\u00e4rnar om sitt psykiska v\u00e4lbefinnande stress b\u00e4ttre, vilket minskar risken f\u00f6r misstag.<\/p>\n\n\n\n<h2 class=\"wp-block-heading\">Arbetss\u00e4kerhetsutbildning som f\u00f6rebyggande \u00e5tg\u00e4rd<\/h2>\n\n\n\n<p class=\"wp-block-paragraph\">Ett av de viktigaste verktygen f\u00f6r att st\u00f6dja b\u00e5de fysisk och psykisk s\u00e4kerhet \u00e4r utbildning i arbetsmilj\u00f6 och arbetss\u00e4kerhet (OHS). En bra utbildning g\u00e5r l\u00e4ngre \u00e4n att bara presentera regler \u2013 den \u00f6kar ocks\u00e5 medvetenheten om hur stress, tr\u00f6tthet och konflikter p\u00e5verkar s\u00e4kerheten p\u00e5 arbetsplatsen.<\/p>\n\n\n\n<p class=\"wp-block-paragraph\">S\u00e5dan utbildning kan till exempel omfatta:<\/p>\n\n\n\n<ul class=\"wp-block-list\">\n<li>att k\u00e4nna igen tecken p\u00e5 tr\u00f6tthet och \u00f6verbelastning,<\/li>\n\n\n\n<li>tekniker f\u00f6r att hantera stress,<\/li>\n\n\n\n<li>riktlinjer f\u00f6r effektiv kommunikation i team,<\/li>\n\n\n\n<li>betydelsen av balans mellan arbete och privatliv f\u00f6r s\u00e4kerheten,<\/li>\n\n\n\n<li>tillg\u00e4ngliga rutiner f\u00f6r psykologiskt st\u00f6d p\u00e5 arbetsplatsen.<\/li>\n<\/ul>\n\n\n\n<p class=\"wp-block-paragraph\">Regelbunden utbildning bidrar till att skapa en s\u00e4kerhetskultur d\u00e4r man ser helheten \u2013 skydd av b\u00e5de kropp och sinne. Det \u00e4r viktigt att kunna identifiera riskfyllda situationer och avbryta innan n\u00e5got g\u00e5r fel. Ett personligt exempel: En g\u00e5ng blev mitt flyg kraftigt f\u00f6rsenat och jag anl\u00e4nde till Helsingfors flygplats vid fyratiden p\u00e5 morgonen, med tre timmars bilresa hem i mycket d\u00e5ligt v\u00e4der framf\u00f6r mig. Jag k\u00e4nde mig b\u00e5de utmattad och frustrerad. I st\u00e4llet f\u00f6r att ge mig ut p\u00e5 v\u00e4gen gick jag och lade mig \u2013 direkt p\u00e5 flygplatshotellet.<\/p>\n\n\n\n<h2 class=\"wp-block-heading\">Stress som riskfaktor<\/h2>\n\n\n\n<p class=\"wp-block-paragraph\">Arbetsrelaterad stress \u00e4r en av de st\u00f6rsta utmaningarna p\u00e5 dagens arbetsplatser. F\u00f6r h\u00f6g arbetsbelastning, oklara roller, os\u00e4ker anst\u00e4llning eller en toxisk arbetskultur skapar kronisk sp\u00e4nning. Detta kan leda inte bara till h\u00e4lsoproblem (som hj\u00e4rt-k\u00e4rlsjukdomar eller s\u00f6mnst\u00f6rningar) utan \u00e4ven till \u00f6kad olycksrisk.<\/p>\n\n\n\n<p class=\"wp-block-paragraph\">Forskning visar att stressade arbetstagare oftare g\u00f6r procedurfel och i mindre utstr\u00e4ckning f\u00f6ljer arbetss\u00e4kerhetsregler. Stress minskar ocks\u00e5 motivation och engagemang, vilket i sin tur p\u00e5verkar s\u00e4kerhetskulturen i organisationen.<\/p>\n\n\n\n<p class=\"wp-block-paragraph\">Mobbning p\u00e5 arbetsplatsen har med r\u00e4tta varit ett omdiskuterat \u00e4mne i m\u00e5nga \u00e5r \u2013 det \u00e4r ett betydande problem i Finland. S\u00e5 m\u00e5nga som 10 % av de kommunanst\u00e4llda upplever att de blir mobbade p\u00e5 sin arbetsplats. Det \u00e4r ett mycket stort antal m\u00e4nniskor.<\/p>\n\n\n\n<p class=\"wp-block-paragraph\">Mobbning p\u00e5 arbetsplatsen n\u00e4mns uttryckligen i arbetarskyddslagen. Lagen \u00e5l\u00e4gger arbetsgivaren att ingripa i osakligt bem\u00f6tande och mobbning, eftersom dessa kan \u00e4ventyra arbetstagarens s\u00e4kerhet och h\u00e4lsa.<br><em><a href=\"https:\/\/www.finlex.fi\/en\/legislation\/translations\/2002\/eng\/738\" target=\"_blank\" rel=\"noreferrer noopener\">Arbetarskyddslagen | 738\/2002 | Finlex<\/a><\/em><\/p>\n\n\n\n<h2 class=\"wp-block-heading\">Utbr\u00e4ndhet och arbetss\u00e4kerhet<\/h2>\n\n\n\n<p class=\"wp-block-paragraph\">\u00c5r 2019 erk\u00e4nde V\u00e4rldsh\u00e4lsoorganisationen utbr\u00e4ndhet som ett fenomen med betydande h\u00e4lsokonsekvenser. Den yttrar sig som kronisk utmattning, cynism gentemot arbetet och minskad effektivitet. En utbr\u00e4nd arbetstagare har inte bara mindre energi, utan uppm\u00e4rksammar ocks\u00e5 s\u00e4kerheten i mindre grad \u2013 b\u00e5de sin egen och kollegornas.<\/p>\n\n\n\n<p class=\"wp-block-paragraph\">Till exempel kan en sjuksk\u00f6tare eller l\u00e4kare som lider av utbr\u00e4ndhet missa viktiga symtom hos en patient, medan en yrkesf\u00f6rare kan ignorera varningssignaler i trafiken. H\u00e4r kan OHS-utbildning spela en viktig roll genom att visa att utbr\u00e4ndhet inte bara \u00e4r ett personligt problem utan en verklig s\u00e4kerhetsrisk f\u00f6r hela teamet.<\/p>\n\n\n\n<h2 class=\"wp-block-heading\">Arbetsgivarens roll i att st\u00f6dja psykisk h\u00e4lsa<\/h2>\n\n\n\n<p class=\"wp-block-paragraph\">Arbetsgivare har b\u00e5de juridiska och etiska skyldigheter att s\u00e4kerst\u00e4lla en trygg arbetsmilj\u00f6. Detta omfattar inte bara fysiska skydds\u00e5tg\u00e4rder utan \u00e4ven insatser som st\u00f6der psykisk h\u00e4lsa. De viktigaste \u00e4r:<\/p>\n\n\n\n<ul class=\"wp-block-list\">\n<li><strong>\u00d6vervakning av arbetsbelastning<\/strong> \u2013 rationell planering av arbetsuppgifter och undvikande av \u00f6verdriven \u00f6vertid.<\/li>\n\n\n\n<li><strong>Psykologiskt st\u00f6d<\/strong> \u2013 tillg\u00e5ng till r\u00e5dgivning eller st\u00f6dprogram f\u00f6r anst\u00e4llda.<\/li>\n\n\n\n<li><strong>OHS- och stresshanteringsutbildning<\/strong> \u2013 regelbundna utbildningar som kombinerar regelverk med praktiska f\u00e4rdigheter f\u00f6r att hantera press.<\/li>\n\n\n\n<li><strong>Fr\u00e4mjande av balans mellan arbete och privatliv<\/strong> \u2013 flexibla arbetstider och m\u00f6jlighet till distansarbete.<\/li>\n\n\n\n<li><strong>En \u00f6ppen kultur<\/strong> \u2013 uppmuntran till att tala om sv\u00e5righeter utan r\u00e4dsla f\u00f6r stigmatisering.<\/li>\n<\/ul>\n\n\n\n<h2 class=\"wp-block-heading\">Arbetstagarens roll<\/h2>\n\n\n\n<p class=\"wp-block-paragraph\">Ansvaret ligger inte enbart hos arbetsgivaren utan ocks\u00e5 hos arbetstagaren. Varje anst\u00e4lld b\u00f6r:<\/p>\n\n\n\n<ul class=\"wp-block-list\">\n<li>ta hand om sin psykiska hygien (vila, fysisk aktivitet, s\u00f6mn),<\/li>\n\n\n\n<li>delta i OHS-utbildningar och till\u00e4mpa den kunskap som f\u00f6rv\u00e4rvas,<\/li>\n\n\n\n<li>rapportera \u00f6verbelastning och sv\u00e5righeter,<\/li>\n\n\n\n<li>st\u00f6dja kollegor och bidra till en positiv teamanda.<\/li>\n<\/ul>\n\n\n\n<h2 class=\"wp-block-heading\">Ta hand om dig sj\u00e4lv<\/h2>\n\n\n\n<p class=\"wp-block-paragraph\">\u00c4t h\u00e4lsosamt, sov ordentligt, njut av umg\u00e4nge med dina n\u00e4ra och g\u00f6r saker som g\u00f6r dig glad. F\u00f6rs\u00f6k ta hand om din fysiska kondition och motionera regelbundet. Var ocks\u00e5 sn\u00e4ll mot dig sj\u00e4lv och s\u00e4tt realistiska m\u00e5l. <a href=\"https:\/\/www.edemmaksi.com\/l\/10-helppoa-tapaa-pitaa-huolta-omasta-mielenterveydesta\" target=\"_blank\" rel=\"noreferrer noopener\">H\u00e4r \u00e4r n\u00e5gra praktiska tips<\/a>.<\/p>\n\n\n\n<h2 class=\"wp-block-heading\">Lagstiftning och standarder<\/h2>\n\n\n\n<p class=\"wp-block-paragraph\"><a href=\"https:\/\/oshwiki.osha.europa.eu\/en\/themes\/policy-law-and-guidance-psychosocial-issues-workplace-eu-perspective\" target=\"_blank\" rel=\"noreferrer noopener\">B\u00e5de inom EU och i Finland omfattar arbetarskyddslagstiftningen \u00e4ven psykosociala risker. EU-direktiv kr\u00e4ver att arbetsgivare bed\u00f6mer alla aspekter av psykosociala risker<\/a>, <a href=\"https:\/\/tyosuojelu.fi\/en\/working-conditions\/psychosocial-workload\" target=\"_blank\" rel=\"noreferrer noopener\">och den finl\u00e4ndska arbetslagstiftningen sl\u00e5r fast att arbetsgivaren ska skydda arbetstagarnas h\u00e4lsa och liv<\/a>. OHS-utbildning spelar en central roll i detta arbete \u2013 genom att f\u00f6rmedla kunskap, \u00f6ka medvetenheten och forma s\u00e4kra attityder.<\/p>\n\n\n\n<h2 class=\"wp-block-heading\">God praxis fr\u00e5n f\u00f6retag<\/h2>\n\n\n\n<ul class=\"wp-block-list\">\n<li><strong>Arbetsrotation<\/strong> \u2013 f\u00f6r att undvika monotoni och mental tr\u00f6tthet.<\/li>\n\n\n\n<li><strong>Regelbundna pauser<\/strong> \u2013 korta pauser f\u00f6rb\u00e4ttrar koncentrationen och minskar risken f\u00f6r misstag.<\/li>\n\n\n\n<li><strong>Utbildning f\u00f6r chefer och teamledare<\/strong> \u2013 f\u00f6r att hj\u00e4lpa dem att k\u00e4nna igen tecken p\u00e5 utbr\u00e4ndhet.<\/li>\n\n\n\n<li><strong>Anonyma enk\u00e4ter och st\u00e4mningsm\u00e4tningar<\/strong> \u2013 f\u00f6r att identifiera problem i ett tidigt skede.<\/li>\n<\/ul>\n\n\n\n<h2 class=\"wp-block-heading\">Framtiden f\u00f6r arbetss\u00e4kerhet \u2013 integration av psykisk h\u00e4lsa<\/h2>\n\n\n\n<p class=\"wp-block-paragraph\">Den moderna arbetsplatsen, s\u00e4rskilt i och med digitalisering och distansarbete, skapar nya utmaningar f\u00f6r arbetss\u00e4kerheten. Isolering, st\u00e4ndig tillg\u00e4nglighet online och suddiga gr\u00e4nser mellan arbete och privatliv g\u00f6r psykisk h\u00e4lsa till en av de centrala aspekterna av arbetss\u00e4kerhet i dag. Organisationer som effektivt st\u00f6der medarbetarnas v\u00e4lbefinnande och erbjuder helt\u00e4ckande OHS-utbildning minskar inte bara olyckor utan \u00f6kar \u00e4ven effektiviteten, st\u00e4rker sitt rykte och f\u00f6rb\u00e4ttrar personalens lojalitet.<\/p>\n\n\n\n<h2 class=\"wp-block-heading\">Slutsats<\/h2>\n\n\n\n<p class=\"wp-block-paragraph\">Psykisk h\u00e4lsa och arbetss\u00e4kerhet \u00e4r ouppl\u00f6sligt sammanl\u00e4nkade. En arbetstagare med god psykisk h\u00e4lsa \u00e4r mer uppm\u00e4rksam, stresst\u00e5lig och samarbetsvillig \u2013 och d\u00e4rmed s\u00e4krare. Att f\u00f6rsumma den psykiska h\u00e4lsan leder till s\u00e4mre fokus, h\u00f6gre olycksrisk och organisatoriska problem.<\/p>\n\n\n\n<p class=\"wp-block-paragraph\">Ett helhetsgrepp om OHS-utbildning \u00e4r avg\u00f6rande. Utbildningen b\u00f6r inte begr\u00e4nsas till tekniska regler och f\u00f6reskrifter utan \u00e4ven omfatta psykosociala faktorer. F\u00f6rst d\u00e5 kan vi verkligen tala om arbetss\u00e4kerhet \u2013 en s\u00e4kerhet som skyddar b\u00e5de kropp och sinne.<\/p>\n\n\n<p>","protected":false},"excerpt":{"rendered":"<p>In recent years, mental health has become an increasingly important topic in the context of working life. Stress, time pressure, high expectations, and lack of work\u2013life balance are now among the main risk factors for employees. <\/p>","protected":false},"author":5,"featured_media":1816,"comment_status":"closed","ping_status":"closed","sticky":false,"template":"","format":"standard","meta":{"_acf_changed":false,"footnotes":""},"categories":[42,48,18,1],"tags":[23,27,43],"class_list":["post-1800","post","type-post","status-publish","format-standard","has-post-thumbnail","hentry","category-occupational-safety","category-practical-information-about-working-in-finland","category-safety-and-health","category-uncategorized","tag-occupational-safety","tag-safety-training","tag-work-safety"],"acf":[],"_links":{"self":[{"href":"https:\/\/tva.fi\/sv\/wp-json\/wp\/v2\/posts\/1800","targetHints":{"allow":["GET"]}}],"collection":[{"href":"https:\/\/tva.fi\/sv\/wp-json\/wp\/v2\/posts"}],"about":[{"href":"https:\/\/tva.fi\/sv\/wp-json\/wp\/v2\/types\/post"}],"author":[{"embeddable":true,"href":"https:\/\/tva.fi\/sv\/wp-json\/wp\/v2\/users\/5"}],"replies":[{"embeddable":true,"href":"https:\/\/tva.fi\/sv\/wp-json\/wp\/v2\/comments?post=1800"}],"version-history":[{"count":16,"href":"https:\/\/tva.fi\/sv\/wp-json\/wp\/v2\/posts\/1800\/revisions"}],"predecessor-version":[{"id":2135,"href":"https:\/\/tva.fi\/sv\/wp-json\/wp\/v2\/posts\/1800\/revisions\/2135"}],"wp:featuredmedia":[{"embeddable":true,"href":"https:\/\/tva.fi\/sv\/wp-json\/wp\/v2\/media\/1816"}],"wp:attachment":[{"href":"https:\/\/tva.fi\/sv\/wp-json\/wp\/v2\/media?parent=1800"}],"wp:term":[{"taxonomy":"category","embeddable":true,"href":"https:\/\/tva.fi\/sv\/wp-json\/wp\/v2\/categories?post=1800"},{"taxonomy":"post_tag","embeddable":true,"href":"https:\/\/tva.fi\/sv\/wp-json\/wp\/v2\/tags?post=1800"}],"curies":[{"name":"wp","href":"https:\/\/api.w.org\/{rel}","templated":true}]}}