{"id":1474,"date":"2025-09-09T14:34:34","date_gmt":"2025-09-09T12:34:34","guid":{"rendered":"https:\/\/www.tva.fi\/?p=1474"},"modified":"2026-02-04T12:23:31","modified_gmt":"2026-02-04T10:23:31","slug":"sakerhetsstandarder-och-relaterade-fragor","status":"publish","type":"post","link":"https:\/\/tva.fi\/sv\/safety-standards-sfs-6002-sfs-5900-en-20471-and-such\/","title":{"rendered":"S\u00e4kerhetsstandarder och relaterade fr\u00e5gor"},"content":{"rendered":"<\/p>\n\n\n\n<p class=\"wp-block-paragraph\">Ibland p\u00e5 arbetsmilj\u00f6m\u00f6ten h\u00f6r man om SFS hit och ISO dit, och man kan b\u00f6rja undra om talaren har tappat f\u00f6rst\u00e5ndet. Vad \u00e4r detta f\u00f6r ordsallad och varf\u00f6r pratar de i n\u00e5gon slags byr\u00e5kratisk kod? Tror talaren att han l\u00e5ter smartare eller mer kunnig genom att anv\u00e4nda alla dessa f\u00f6rkortningar?<\/p>\n\n\n\n<p class=\"wp-block-paragraph\">Jag f\u00f6rst\u00e5r dig \u2014 och ja, det <em>kan<\/em> l\u00e5ta s\u00e5 (ordvits avsiktlig). Att konstant sl\u00e4nga sig med f\u00f6rkortningar \u00e4r tr\u00f6ttande och b\u00f6r h\u00e5llas p\u00e5 en rimlig niv\u00e5. Men faktum \u00e4r att dessa f\u00f6rkortningar faktiskt fyller en viktig funktion.<\/p>\n\n\n\n<hr class=\"wp-block-separator has-alpha-channel-opacity\"\/>\n\n\n\n<h2 class=\"wp-block-heading\">Att f\u00f6lja lagkrav<\/h2>\n\n\n\n<p class=\"wp-block-paragraph\">L\u00e5t oss titta lite p\u00e5 bakgrunden. Oroa dig inte \u2014 vi ska inte g\u00e5 hela v\u00e4gen tillbaka till Mesopotamiens forntid. Men som exempel kan n\u00e4mnas att man i Finland tidigare hade problem med tolkningen av arbetarskyddslagen fr\u00e5n 1950-talet. Lagen sade att arbetsgivaren skulle vidta rimliga s\u00e4kerhets\u00e5tg\u00e4rder inom ramen f\u00f6r sina resurser.<\/p>\n\n\n\n<p class=\"wp-block-paragraph\">Efter en olycka h\u00f6rdes d\u00e4rf\u00f6r ofta argument som:<\/p>\n\n\n\n<p class=\"wp-block-paragraph\"><em>\u201dErs n\u00e5d, med h\u00e4nsyn till v\u00e5ra resurser p\u00e5 f\u00f6retaget R\u00f6r, D\u00e5rskap &amp; Pump AB kunde vi helt enkelt inte g\u00f6ra mer \u00e4n vi redan gjorde \u2026\u201d<\/em><\/p>\n\n\n\n<p class=\"wp-block-paragraph\">I dag \u00e4r lagstiftningen tydligare. Arbetarskyddslagen 738\/2001 (Finlex) s\u00e4ger att:<\/p>\n\n\n\n<p class=\"wp-block-paragraph\"><strong>Arbetsgivaren \u00e4r skyldig att s\u00f6rja f\u00f6r arbetstagarnas s\u00e4kerhet och h\u00e4lsa i arbetet genom att vidta n\u00f6dv\u00e4ndiga \u00e5tg\u00e4rder.<\/strong><\/p>\n\n\n\n<hr class=\"wp-block-separator has-alpha-channel-opacity\"\/>\n\n\n\n<h2 class=\"wp-block-heading\">S\u00e4kerhetsstandarder som st\u00f6d i riskhantering<\/h2>\n\n\n\n<p class=\"wp-block-paragraph\">Med andra ord: arbetsgivaren m\u00e5ste vidta tillr\u00e4ckliga s\u00e4kerhets\u00e5tg\u00e4rder f\u00f6r att f\u00f6rebygga olyckor. H\u00e4r uppst\u00e5r utmaningen. Varje arbetsuppgift m\u00e5ste planeras noggrant och r\u00e4tt riskhanterings\u00e5tg\u00e4rder ska till\u00e4mpas.<\/p>\n\n\n\n<p class=\"wp-block-paragraph\">Men lyckligtvis beh\u00f6ver man inte b\u00f6rja fr\u00e5n noll varje g\u00e5ng \u2014 det finns redan etablerade rutiner. Det \u00e4r h\u00e4r dessa SFS- och ISO-standarder (som l\u00e5ter som popl\u00e5tar) kommer v\u00e4l till pass. S\u00e4kerhetsstandarder definierar gemensamma miniminiv\u00e5er f\u00f6r s\u00e4kerhet vid olika typer av arbeten.<\/p>\n\n\n\n<p class=\"wp-block-paragraph\">Ett exempel \u00e4r <strong>SFS 5900<\/strong>, standarden f\u00f6r heta arbeten i Finland. Den fastst\u00e4ller att brandvakt ska finnas b\u00e5de under heta arbeten och efter att arbetet avslutats.<\/p>\n\n\n\n<p class=\"wp-block-paragraph\">Utan en s\u00e5dan standard kunde \u201defterbevakning\u201d betyda vad som helst \u2014 allt fr\u00e5n fem minuter till fem timmar. SFS 5900 anger tydligt: <strong>minst 60 minuter<\/strong>.<\/p>\n\n\n\n<p class=\"wp-block-paragraph\">Samma sak g\u00e4ller brandsl\u00e4ckningsutrustning. N\u00e5gon skulle annars kunna h\u00e4vda att en hink vatten och en personlig 1,5-liters mineralvattenflaska r\u00e4cker. D\u00e4rf\u00f6r definierar standarden konkreta och realistiska krav, till exempel tv\u00e5 brandsl\u00e4ckare av klass <strong>43A 183B C<\/strong>.<\/p>\n\n\n\n<p class=\"wp-block-paragraph\">Att ignorera lagkrav och s\u00e4kerhetsstandarder kan leda till p\u00e5f\u00f6ljder som reducerad f\u00f6rs\u00e4kringsers\u00e4ttning, b\u00f6ter eller till och med f\u00e4ngelsestraff. Att f\u00f6lja s\u00e4kerhetsstandarder \u00e4r allts\u00e5 ocks\u00e5 ett s\u00e4tt att s\u00e4kerst\u00e4lla att man uppfyller lagens krav.<\/p>\n\n\n\n<hr class=\"wp-block-separator has-alpha-channel-opacity\"\/>\n\n\n\n<h2 class=\"wp-block-heading\">Internationella krav och personlig skyddsutrustning (PPE)<\/h2>\n\n\n\n<p class=\"wp-block-paragraph\">Standarder \u00e4r ocks\u00e5 till stor hj\u00e4lp n\u00e4r man arbetar internationellt. N\u00e4r ett projekt startar i ett annat land \u00e4r det viktigt att kontrollera att utrustning och skydd uppfyller lokala krav redan i planeringsfasen.<\/p>\n\n\n\n<p class=\"wp-block-paragraph\">Kundens krav p\u00e5 personlig skyddsutrustning kan till exempel ange att alla m\u00e5ste b\u00e4ra varselkl\u00e4der, och d\u00e5 h\u00e4nvisar man ofta till en specifik standard. F\u00f6r varselkl\u00e4der \u00e4r detta vanligtvis <strong>EN 20471<\/strong>.<\/p>\n\n\n\n<p class=\"wp-block-paragraph\">N\u00e4r man k\u00e4nner till kravet \u00e4r det enkelt att kontrollera att skyddskl\u00e4derna \u00e4r m\u00e4rkta med r\u00e4tt standard \u2014 och d\u00e5 \u00e4r allt i sin ordning. Det handlar ocks\u00e5 om kvalitet: den som anv\u00e4nder skyddskl\u00e4der vill vara s\u00e4ker p\u00e5 att de verkligen skyddar mot v\u00e4rme och eld.<\/p>\n\n\n\n<hr class=\"wp-block-separator has-alpha-channel-opacity\"\/>\n\n\n\n<h2 class=\"wp-block-heading\">SFS 6002 \u2013 nyligen uppdaterad<\/h2>\n\n\n\n<p class=\"wp-block-paragraph\">Krav utvecklas st\u00e4ndigt och \u00e4r ofta kopplade till st\u00f6rre geografiska omr\u00e5den. Hierarkin ser vanligtvis ut s\u00e5 h\u00e4r:<\/p>\n\n\n\n<ul class=\"wp-block-list\">\n<li><strong>ISO<\/strong> \u2013 internationell standard<\/li>\n\n\n\n<li><strong>EN<\/strong> \u2013 europeisk standard<\/li>\n\n\n\n<li><strong>SFS<\/strong> \u2013 finsk nationell standard<\/li>\n<\/ul>\n\n\n\n<p class=\"wp-block-paragraph\">Dessa utvecklas ofta parallellt.<\/p>\n\n\n\n<p class=\"wp-block-paragraph\">Som exempel kan n\u00e4mnas att den finska els\u00e4kerhetsstandarden <strong>SFS 6002SWE S\u00e4kerhet vid elarbeten<\/strong> baseras p\u00e5 den femte upplagan, som publicerades i februari 2025. Uppdateringen gjordes som en f\u00f6ljd av revideringen av den europeiska referensstandarden <strong>EN 50110-1<\/strong>, som publicerades 2023.<\/p>\n\n\n\n<hr class=\"wp-block-separator has-alpha-channel-opacity\"\/>\n\n\n\n<h2 class=\"wp-block-heading\">Arbetar du s\u00e4kert?<\/h2>\n\n\n\n<p class=\"wp-block-paragraph\">Arbete i och runt elektriska anl\u00e4ggningar inneb\u00e4r m\u00e5nga risker. Vet du vad du har r\u00e4tt att g\u00f6ra, vilka arbetsmetoder som ska anv\u00e4ndas och vilken typ av personlig skyddsutrustning som kr\u00e4vs f\u00f6r att skydda b\u00e5de dig sj\u00e4lv och andra?<\/p>\n\n\n\n<p class=\"wp-block-paragraph\">Allt detta \u2014 och mycket mer \u2014 l\u00e4r du dig i v\u00e5r kurs <strong>SFS 6002 Els\u00e4kerhet<\/strong>.<\/p>\n\n\n\n<p class=\"wp-block-paragraph\">Du kan ocks\u00e5 genomf\u00f6ra <strong>Arbetarskyddskortet online<\/strong>:<br>\ud83d\udc49 Delta i TVA:s arbetarskyddskurs via denna l\u00e4nk.<\/p>\n\n\n\n<p class=\"wp-block-paragraph\">Beh\u00f6ver din arbetsplats arbetarskyddskortet p\u00e5 engelska eller polska? De flesta av v\u00e5ra onlinekurser finns \u00e4ven p\u00e5 engelska, och vissa erbjuds ocks\u00e5 p\u00e5 polska.<\/p>\n\n\n<p>","protected":false},"excerpt":{"rendered":"<p>Occasionally at workplace safety meetings you hear about SFS this and ISO that and might be wondering has this person lost his marbles. What is this word salad and why are they talking about this bureaucratic mambo yambo code lingo. Does the speaker think he sounds smarter and somehow more vice versa by doing this?\u00a0\u00a0<\/p>","protected":false},"author":3,"featured_media":1520,"comment_status":"closed","ping_status":"closed","sticky":false,"template":"","format":"standard","meta":{"_acf_changed":false,"footnotes":""},"categories":[42,175,69],"tags":[54,53,28,23,27,178,29],"class_list":["post-1474","post","type-post","status-publish","format-standard","has-post-thumbnail","hentry","category-occupational-safety","category-sfs-6002-electrical-safety","category-standards","tag-hot-work-license","tag-hot-work-permit-finland","tag-hot-work-training","tag-occupational-safety","tag-safety-training","tag-sfs-6002","tag-sfs6002"],"acf":[],"_links":{"self":[{"href":"https:\/\/tva.fi\/sv\/wp-json\/wp\/v2\/posts\/1474","targetHints":{"allow":["GET"]}}],"collection":[{"href":"https:\/\/tva.fi\/sv\/wp-json\/wp\/v2\/posts"}],"about":[{"href":"https:\/\/tva.fi\/sv\/wp-json\/wp\/v2\/types\/post"}],"author":[{"embeddable":true,"href":"https:\/\/tva.fi\/sv\/wp-json\/wp\/v2\/users\/3"}],"replies":[{"embeddable":true,"href":"https:\/\/tva.fi\/sv\/wp-json\/wp\/v2\/comments?post=1474"}],"version-history":[{"count":44,"href":"https:\/\/tva.fi\/sv\/wp-json\/wp\/v2\/posts\/1474\/revisions"}],"predecessor-version":[{"id":2123,"href":"https:\/\/tva.fi\/sv\/wp-json\/wp\/v2\/posts\/1474\/revisions\/2123"}],"wp:featuredmedia":[{"embeddable":true,"href":"https:\/\/tva.fi\/sv\/wp-json\/wp\/v2\/media\/1520"}],"wp:attachment":[{"href":"https:\/\/tva.fi\/sv\/wp-json\/wp\/v2\/media?parent=1474"}],"wp:term":[{"taxonomy":"category","embeddable":true,"href":"https:\/\/tva.fi\/sv\/wp-json\/wp\/v2\/categories?post=1474"},{"taxonomy":"post_tag","embeddable":true,"href":"https:\/\/tva.fi\/sv\/wp-json\/wp\/v2\/tags?post=1474"}],"curies":[{"name":"wp","href":"https:\/\/api.w.org\/{rel}","templated":true}]}}